{"id":4869,"date":"2023-02-28T09:22:41","date_gmt":"2023-02-28T09:22:41","guid":{"rendered":"https:\/\/areabadalona.com\/diario\/?p=4869"},"modified":"2023-02-28T09:22:41","modified_gmt":"2023-02-28T09:22:41","slug":"lajuntament-ultima-la-instal%c2%b7lacio-duna-nova-planta-fotovoltaica-de-625-m%c2%b2-a-lestadi-municipal-de-badalona","status":"publish","type":"post","link":"https:\/\/areabadalona.com\/diario\/2023\/02\/28\/lajuntament-ultima-la-instal%c2%b7lacio-duna-nova-planta-fotovoltaica-de-625-m%c2%b2-a-lestadi-municipal-de-badalona\/","title":{"rendered":"L\u2019Ajuntament ultima la instal\u00b7laci\u00f3 d\u2019una nova planta fotovoltaica de 625 m\u00b2 a l\u2019Estadi Municipal de Badalona\u00a0"},"content":{"rendered":"\n<p>L\u2019Ajuntament de Badalona est\u00e0 enllestint la fase final de la instal\u00b7laci\u00f3 d\u2019una nova planta fotovoltaica de 625 m\u00b2 a la coberta de la marquesina de l\u2019Estadi Municipal de Badalona. Aquesta instal\u00b7laci\u00f3 estar\u00e0 acollida al r\u00e8gim d\u2019autoconsum compartit amb compensaci\u00f3 d\u2019excedents. Aix\u00f2 significa que l\u2019energia el\u00e8ctrica produ\u00efda ser\u00e0 compartida amb alguns dels equipaments situats a un radi inferior als 2.000 metres. Concretament, es preveu que l\u2019energia sigui consumida pels equipaments seg\u00fcents: l\u2019Estadi Municipal de Futbol, el camp d\u2019entrenament, la Zona Esportiva de Bufal\u00e0, la Pista Poliesportiva Sant Crist, l\u2019Escola Planas i Casals, l\u2019Escola Joan Llongueras, l\u2019Escola Llibertat i l\u2019Escola Can Barriga.&nbsp;<\/p>\n\n\n\n<p>La nova infraestructura estar\u00e0 formada per 319 m\u00f2duls amb una pot\u00e8ncia total de 131 kWp. Est\u00e0 previst que generi uns 166.706 kWh a l\u2019any, fet que suposar\u00e0 una reducci\u00f3 d\u2019emissions de CO2 de m\u00e9s de 44 tones i un estalvi econ\u00f2mic al voltant dels 20.000 euros anuals. El cost de la inversi\u00f3 \u00e9s de 185.864,62 euros i forma part de les millores energ\u00e8tiques finan\u00e7ades a trav\u00e9s del contracte de subministrament el\u00e8ctric que l\u2019Ajuntament t\u00e9 amb la comercialitzadora Naturgy.&nbsp;<\/p>\n\n\n\n<p>Aquesta actuaci\u00f3 forma part del comprom\u00eds de l\u2019Ajuntament de Badalona amb la lluita contra el canvi clim\u00e0tic, la transici\u00f3 energ\u00e8tica, el foment de les energies renovables i l\u2019efici\u00e8ncia energ\u00e8tica. Amb les plaques de l\u2019Estadi s\u2019amplia el parc fotovoltaic municipal, que en conjunt t\u00e9 una pot\u00e8ncia de 621 kWp repartits en 14 instal\u00b7lacions. Est\u00e0 previst que la pot\u00e8ncia instal\u00b7lada arribi als&nbsp; 753,17 kWp durant els pr\u00f2xims mesos.&nbsp;<\/p>\n\n\n\n<p>A Badalona, durant l\u2019any 2022 s\u2019ha produ\u00eft un increment superior al 200% en el nombre d&#8217;instal\u00b7lacions fotovoltaiques. Aix\u00ed, segons el registre d&#8217;instal\u00b7lacions d\u2019autoconsum de Catalunya, actualment hi ha 325 instal\u00b7lacions a la ciutat, amb una pot\u00e8ncia superior als 2.360 kWp i una producci\u00f3 estimada de m\u00e9s de 3.458,740 kWh anuals, xifra equivalent al consum de 1.350 habitatges.&nbsp;<\/p>\n\n\n\n<p>Aquesta eclosi\u00f3 del sector fotovoltaic, impulsat pels elevats preus de l\u2019energia tamb\u00e9 ha estat possible pel suport municipal a trav\u00e9s de les bonificacions de l\u2019IBI (240) aix\u00ed com de l\u2019Oficina d\u2019Assessorament Energ\u00e8tic de l\u2019Ajuntament.&nbsp;<\/p>\n\n\n\n<p>L\u2019alcalde de Badalona, Rub\u00e9n Guijarro; la segona tinenta d&#8217;Alcaldia i regidora de l&#8217;\u00c0mbit d&#8217;Educaci\u00f3, Feminismes i LGTBIQ+, Ciutadania, Participaci\u00f3 i Agenda 2030, A\u00efda Llaurad\u00f3; i la regidora de Medi Ambient, Sostenibilitat i Benestar Animal, Rosa Trenado, han visitat aquest dimarts al mat\u00ed l\u2019Estadi Municipal acompanyats de t\u00e8cnics municipals per veure l\u2019estat de la instal\u00b7laci\u00f3 i con\u00e8ixer tots els detalls del seu funcionament. Durant la visita, la regidora Trenado ha explicat que \u201cdes del Govern municipal existeix una ferma decisi\u00f3 per a ser part\u00edcips de la transici\u00f3 energ\u00e8tica i d&#8217;aquesta manera deixar el menor impacte ambiental possible en el planeta\u201d En aquest sentit, la responsable de Medi Ambient ha indicat que \u201cestem apostant per la incorporaci\u00f3 d&#8217;energia verda en els edificis municipals i, a m\u00e9s, s&#8217;est\u00e0 treballant a trav\u00e9s de bonificacions per a afavorir aquesta transici\u00f3 energ\u00e8tica tamb\u00e9 en els usuaris particulars i les ind\u00fastries de la nostra ciutat\u201d&nbsp;<\/p>\n","protected":false},"excerpt":{"rendered":"<p>L\u2019Ajuntament de Badalona est\u00e0 enllestint la fase final de la instal\u00b7laci\u00f3 d\u2019una nova planta fotovoltaica de 625 m\u00b2 a la coberta de la marquesina de l\u2019Estadi Municipal de Badalona. Aquesta instal\u00b7laci\u00f3 estar\u00e0 acollida al r\u00e8gim d\u2019autoconsum compartit amb compensaci\u00f3 d\u2019excedents. Aix\u00f2 significa que l\u2019energia el\u00e8ctrica produ\u00efda ser\u00e0 compartida amb alguns dels equipaments situats a un [&hellip;]<\/p>\n","protected":false},"author":2,"featured_media":4870,"comment_status":"open","ping_status":"open","sticky":false,"template":"","format":"standard","meta":{"footnotes":""},"categories":[23],"tags":[],"class_list":{"0":"post-4869","1":"post","2":"type-post","3":"status-publish","4":"format-standard","5":"has-post-thumbnail","7":"category-actualitat"},"_links":{"self":[{"href":"https:\/\/areabadalona.com\/diario\/wp-json\/wp\/v2\/posts\/4869","targetHints":{"allow":["GET"]}}],"collection":[{"href":"https:\/\/areabadalona.com\/diario\/wp-json\/wp\/v2\/posts"}],"about":[{"href":"https:\/\/areabadalona.com\/diario\/wp-json\/wp\/v2\/types\/post"}],"author":[{"embeddable":true,"href":"https:\/\/areabadalona.com\/diario\/wp-json\/wp\/v2\/users\/2"}],"replies":[{"embeddable":true,"href":"https:\/\/areabadalona.com\/diario\/wp-json\/wp\/v2\/comments?post=4869"}],"version-history":[{"count":1,"href":"https:\/\/areabadalona.com\/diario\/wp-json\/wp\/v2\/posts\/4869\/revisions"}],"predecessor-version":[{"id":4871,"href":"https:\/\/areabadalona.com\/diario\/wp-json\/wp\/v2\/posts\/4869\/revisions\/4871"}],"wp:featuredmedia":[{"embeddable":true,"href":"https:\/\/areabadalona.com\/diario\/wp-json\/wp\/v2\/media\/4870"}],"wp:attachment":[{"href":"https:\/\/areabadalona.com\/diario\/wp-json\/wp\/v2\/media?parent=4869"}],"wp:term":[{"taxonomy":"category","embeddable":true,"href":"https:\/\/areabadalona.com\/diario\/wp-json\/wp\/v2\/categories?post=4869"},{"taxonomy":"post_tag","embeddable":true,"href":"https:\/\/areabadalona.com\/diario\/wp-json\/wp\/v2\/tags?post=4869"}],"curies":[{"name":"wp","href":"https:\/\/api.w.org\/{rel}","templated":true}]}}