{"id":4866,"date":"2023-02-27T19:20:00","date_gmt":"2023-02-27T19:20:00","guid":{"rendered":"https:\/\/areabadalona.com\/diario\/?p=4866"},"modified":"2023-02-28T09:21:18","modified_gmt":"2023-02-28T09:21:18","slug":"lajuntament-de-badalona-promociona-tallers-preventius-sobre-trastorns-relacionats-amb-la-conducta-alimentaria-en-els-centres-educatius-de-la-ciutat","status":"publish","type":"post","link":"https:\/\/areabadalona.com\/diario\/2023\/02\/27\/lajuntament-de-badalona-promociona-tallers-preventius-sobre-trastorns-relacionats-amb-la-conducta-alimentaria-en-els-centres-educatius-de-la-ciutat\/","title":{"rendered":"L\u2019Ajuntament de Badalona promociona tallers preventius sobre trastorns relacionats amb la conducta aliment\u00e0ria en els centres educatius de la ciutat\u00a0"},"content":{"rendered":"\n<p>El Servei de Salut P\u00fablica de l\u2019Ajuntament de Badalona, amb el suport de la Fundaci\u00f3 Imatge i Autoestima, realitzar\u00e0 a partir d\u2019aquesta setmana 50 tallers preventius sobre trastorns relacionats amb la conducta aliment\u00e0ria en els centres educatius de la ciutat. Les sessions, que tenen com a t\u00edtol&nbsp; \u201cM\u2019agrada tal com s\u00f3c\u201d, estan dirigides a l\u2019alumnat del primer cicle d\u2019educaci\u00f3 secund\u00e0ria obligat\u00f2ria. &nbsp;<\/p>\n\n\n\n<p>Els principals objectius dels tallers s\u00f3n:&nbsp;<\/p>\n\n\n\n<p>\u2022 Prevenir els trastorns de la conducta aliment\u00e0ria com l\u2019anor\u00e8xia i la bul\u00edmia nervioses&nbsp;<\/p>\n\n\n\n<p>\u2022 Detectar possibles casos a l\u2019aula i proporcionar assessorament sobre com actuar davant d\u2019aquests transtorns.&nbsp;<\/p>\n\n\n\n<p>Aquests tallers van acompanyats de dues formacions adre\u00e7ades tant a professorat i professionals dels equips d\u2019atenci\u00f3 pedag\u00f2gica dels centres educatius, com a professionals dels centres d\u2019atenci\u00f3 prim\u00e0ria, i t\u00e8cnics municipals de diferents departaments. La primera sessi\u00f3 formativa es va fer el passat 13 de febrer i la segona tindr\u00e0 lloc el pr\u00f2xim 13 de mar\u00e7.&nbsp;<\/p>\n\n\n\n<p>La 4a tinenta d&#8217;alcaldia i regidora de l&#8217;\u00c0mbit de Territori, Habitatge, Esports i Salut, Teresa Gonz\u00e1lez, ha remarcat que \u201camb la realitzaci\u00f3 d\u2019aquests tallers volem mostrar el comprom\u00eds i l\u2019aposta de l\u2019Ajuntament de Badalona per la promoci\u00f3 dels factors de protecci\u00f3, treballant l\u2019autoestima saludable, el sentit cr\u00edtic vers la pressi\u00f3 social per tenir un determinat cos i el respecte per la diversitat corporal\u201d.&nbsp;<\/p>\n","protected":false},"excerpt":{"rendered":"<p>El Servei de Salut P\u00fablica de l\u2019Ajuntament de Badalona, amb el suport de la Fundaci\u00f3 Imatge i Autoestima, realitzar\u00e0 a partir d\u2019aquesta setmana 50 tallers preventius sobre trastorns relacionats amb la conducta aliment\u00e0ria en els centres educatius de la ciutat. Les sessions, que tenen com a t\u00edtol&nbsp; \u201cM\u2019agrada tal com s\u00f3c\u201d, estan dirigides a l\u2019alumnat [&hellip;]<\/p>\n","protected":false},"author":1,"featured_media":4867,"comment_status":"open","ping_status":"open","sticky":false,"template":"","format":"standard","meta":{"footnotes":""},"categories":[23,24],"tags":[],"class_list":{"0":"post-4866","1":"post","2":"type-post","3":"status-publish","4":"format-standard","5":"has-post-thumbnail","7":"category-actualitat","8":"category-societat"},"_links":{"self":[{"href":"https:\/\/areabadalona.com\/diario\/wp-json\/wp\/v2\/posts\/4866","targetHints":{"allow":["GET"]}}],"collection":[{"href":"https:\/\/areabadalona.com\/diario\/wp-json\/wp\/v2\/posts"}],"about":[{"href":"https:\/\/areabadalona.com\/diario\/wp-json\/wp\/v2\/types\/post"}],"author":[{"embeddable":true,"href":"https:\/\/areabadalona.com\/diario\/wp-json\/wp\/v2\/users\/1"}],"replies":[{"embeddable":true,"href":"https:\/\/areabadalona.com\/diario\/wp-json\/wp\/v2\/comments?post=4866"}],"version-history":[{"count":1,"href":"https:\/\/areabadalona.com\/diario\/wp-json\/wp\/v2\/posts\/4866\/revisions"}],"predecessor-version":[{"id":4868,"href":"https:\/\/areabadalona.com\/diario\/wp-json\/wp\/v2\/posts\/4866\/revisions\/4868"}],"wp:featuredmedia":[{"embeddable":true,"href":"https:\/\/areabadalona.com\/diario\/wp-json\/wp\/v2\/media\/4867"}],"wp:attachment":[{"href":"https:\/\/areabadalona.com\/diario\/wp-json\/wp\/v2\/media?parent=4866"}],"wp:term":[{"taxonomy":"category","embeddable":true,"href":"https:\/\/areabadalona.com\/diario\/wp-json\/wp\/v2\/categories?post=4866"},{"taxonomy":"post_tag","embeddable":true,"href":"https:\/\/areabadalona.com\/diario\/wp-json\/wp\/v2\/tags?post=4866"}],"curies":[{"name":"wp","href":"https:\/\/api.w.org\/{rel}","templated":true}]}}