{"id":4860,"date":"2023-02-27T11:44:48","date_gmt":"2023-02-27T11:44:48","guid":{"rendered":"https:\/\/areabadalona.com\/diario\/?p=4860"},"modified":"2023-02-27T11:44:48","modified_gmt":"2023-02-27T11:44:48","slug":"l11a-edicio-de-la-fira-de-lensenyament-de-badalona-tindra-lloc-el-2-i-el-3-de-marc-al-centre-cultural-lescorxador","status":"publish","type":"post","link":"https:\/\/areabadalona.com\/diario\/2023\/02\/27\/l11a-edicio-de-la-fira-de-lensenyament-de-badalona-tindra-lloc-el-2-i-el-3-de-marc-al-centre-cultural-lescorxador\/","title":{"rendered":"L\u201911a edici\u00f3 de la Fira de l\u2019Ensenyament de Badalona tindr\u00e0 lloc el 2 i el 3 de mar\u00e7 al Centre Cultural l\u2019Escorxador\u00a0"},"content":{"rendered":"\n<p>El Centre Cultural L\u2019Escorxador (c\/ de l\u2019Arquitecte Fradera s\/n a tocar del CC M\u00e0gic Badalona) tornar a ser una edici\u00f3 m\u00e9s l\u2019escenari de l\u201911a edici\u00f3 de la Fira de l\u2019Ensenyament de Badalona que aquest any ha escollit l\u2019esl\u00f2gan \u201cObrim les finestres cap al futur!\u201d. La Fira es desenvolupar\u00e0 dijous 2 i divendres 3 de febrer des de les 9 fins a les 13.30 hores i \u00e9s un espai d\u2019orientaci\u00f3 dirigit a l\u2019alumnat que es troba en el moment de decidir la seva continu\u00eftat en els estudis. Parlem de joves que es troben a final d\u2019una etapa educativa, sigui ESO, cicles, PFI, batxillerat o escola, i tamb\u00e9 a qualsevol persona que tingui inter\u00e8s per iniciar, continuar o reprendre la seva formaci\u00f3 acad\u00e8mica.&nbsp;<\/p>\n\n\n\n<p>Les persones assistents a la Fira de l\u2019Ensenyament de Badalona podran participar en activitats, xerrades i tallers diversos, aix\u00ed com consultar els espais d\u2019orientaci\u00f3, informaci\u00f3 i difusi\u00f3 d\u2019estudis postobligatoris (cicles formatius, batxillerats, estudis universitaris, Programes de Formaci\u00f3 i Inserci\u00f3 \u2013PFI\u2019s-, proves d\u2019acc\u00e9s, formacions ocupacionals amb certificats de professionalitat i altres ensenyaments reglats).&nbsp;<\/p>\n\n\n\n<p>A m\u00e9s, enguany hi haur\u00e0 un espai dedicat a la inclusi\u00f3 i diversitat, sumant a l&#8217;expositor i xerrades sobre formacions i recursos per a joves amb diversitat funcional, del CEE Llevant-Maregassa, els estands de Badalona Capa\u00e7 i FEMAREC i en les xerrades tamb\u00e9 es comptar\u00e0 la col\u00b7laboraci\u00f3 del SILS-Servei d&#8217;Integraci\u00f3 Sociolaboral de l\u2019Ajuntament de Badalona.&nbsp;<\/p>\n\n\n\n<p>En aquesta edici\u00f3, l\u2019Espai Nau 3 acollir\u00e0 la <em>Human Library 360<\/em>, un espai de converses amb professionals. Cada franja hor\u00e0ria del programa estar\u00e0 dedicat a un o m\u00e9s \u00e0mbits de coneixement (m\u00f3n salut, m\u00f3n empresa, m\u00f3n art\u00edstic&#8230;) amb la intervenci\u00f3 de m\u00e9s d\u2019un centenar de professionals d\u2019un ampli ventall de perfils.&nbsp;<\/p>\n\n\n\n<p><strong>Acte inaugural a l\u2019Espaimar el 27 de febrer a les 11 hores&nbsp;<\/strong><\/p>\n\n\n\n<p>L\u2019acte inaugural de l\u201911 Fira de l\u2019Ensenyament de Badalona tindr\u00e0 lloc aquest dilluns 27 de febrer a partir de les 11 hores a l\u2019Espaimar, a l\u2019av. d\u2019Eduard Maristany, 1 (l\u2019antiga llotja de pescadors) i consistir\u00e0 en la xerrada \u201cBadaf\u00f2rnia ciutat de mar. Horitz\u00f3 2030\u201d que comptar\u00e0 com a ponents al president de l\u2019Associaci\u00f3 d\u2019estacions n\u00e0utiques de Catalunya i director dels centres n\u00e0utics de La R\u00e0pita, les Cases d\u2019Alcanar, Vinar\u00f2s, l\u2019Ampolla, Borriana i del Club Nataci\u00f3 Badalona, Joan Barber\u00e0 i el meteor\u00f2leg, presentador de TV3, escriptor, periodista i f\u00edsic, Tom\u00e0s Molina. &nbsp;<\/p>\n\n\n\n<p>Aquesta xerrada forma part del comprom\u00eds de la Fira de l\u2019Ensenyament de Badalona amb l\u2019Agenda 2030 i amb l\u2019inter\u00e8s d\u2019aportar solucions i facilitar entendre el marc actual i futur dels nous i noves estudiants i professionals. <em>Badaf\u00f2rnia<\/em>, \u00e9s una ciutat que desborda d\u2019activitats n\u00e0utiques durant tot l\u2019any i que ofereix oportunitats relacionades amb l\u2019economia i la sostenibilitat.&nbsp;<\/p>\n\n\n\n<p>Assistiran a aquest acte inaugural l&#8217;alcalde de Badalona, Rub\u00e9n Guijarro, la segona tinenta d\u2019Alcaldia i regidora de l\u2019\u00c0mbit d\u2019Educaci\u00f3, Feminismes i LGTBIQ+, Ciutadania, Participaci\u00f3 i Agenda 2030, de l\u2019Ajuntament de Badalona, A\u00efda Llaurad\u00f3, i la regidora de Joventut, Andrea Zapata.&nbsp;<\/p>\n","protected":false},"excerpt":{"rendered":"<p>El Centre Cultural L\u2019Escorxador (c\/ de l\u2019Arquitecte Fradera s\/n a tocar del CC M\u00e0gic Badalona) tornar a ser una edici\u00f3 m\u00e9s l\u2019escenari de l\u201911a edici\u00f3 de la Fira de l\u2019Ensenyament de Badalona que aquest any ha escollit l\u2019esl\u00f2gan \u201cObrim les finestres cap al futur!\u201d. La Fira es desenvolupar\u00e0 dijous 2 i divendres 3 de febrer [&hellip;]<\/p>\n","protected":false},"author":2,"featured_media":4861,"comment_status":"open","ping_status":"open","sticky":false,"template":"","format":"standard","meta":{"footnotes":""},"categories":[23],"tags":[],"class_list":{"0":"post-4860","1":"post","2":"type-post","3":"status-publish","4":"format-standard","5":"has-post-thumbnail","7":"category-actualitat"},"_links":{"self":[{"href":"https:\/\/areabadalona.com\/diario\/wp-json\/wp\/v2\/posts\/4860","targetHints":{"allow":["GET"]}}],"collection":[{"href":"https:\/\/areabadalona.com\/diario\/wp-json\/wp\/v2\/posts"}],"about":[{"href":"https:\/\/areabadalona.com\/diario\/wp-json\/wp\/v2\/types\/post"}],"author":[{"embeddable":true,"href":"https:\/\/areabadalona.com\/diario\/wp-json\/wp\/v2\/users\/2"}],"replies":[{"embeddable":true,"href":"https:\/\/areabadalona.com\/diario\/wp-json\/wp\/v2\/comments?post=4860"}],"version-history":[{"count":1,"href":"https:\/\/areabadalona.com\/diario\/wp-json\/wp\/v2\/posts\/4860\/revisions"}],"predecessor-version":[{"id":4862,"href":"https:\/\/areabadalona.com\/diario\/wp-json\/wp\/v2\/posts\/4860\/revisions\/4862"}],"wp:featuredmedia":[{"embeddable":true,"href":"https:\/\/areabadalona.com\/diario\/wp-json\/wp\/v2\/media\/4861"}],"wp:attachment":[{"href":"https:\/\/areabadalona.com\/diario\/wp-json\/wp\/v2\/media?parent=4860"}],"wp:term":[{"taxonomy":"category","embeddable":true,"href":"https:\/\/areabadalona.com\/diario\/wp-json\/wp\/v2\/categories?post=4860"},{"taxonomy":"post_tag","embeddable":true,"href":"https:\/\/areabadalona.com\/diario\/wp-json\/wp\/v2\/tags?post=4860"}],"curies":[{"name":"wp","href":"https:\/\/api.w.org\/{rel}","templated":true}]}}