{"id":4857,"date":"2023-02-24T12:46:28","date_gmt":"2023-02-24T12:46:28","guid":{"rendered":"https:\/\/areabadalona.com\/diario\/?p=4857"},"modified":"2023-02-24T12:46:29","modified_gmt":"2023-02-24T12:46:29","slug":"badalona-inicia-una-campanya-per-mesurar-a-25-punts-de-la-ciutat-els-nivells-de-concentracio-doxid-de-nitrogen-no2","status":"publish","type":"post","link":"https:\/\/areabadalona.com\/diario\/2023\/02\/24\/badalona-inicia-una-campanya-per-mesurar-a-25-punts-de-la-ciutat-els-nivells-de-concentracio-doxid-de-nitrogen-no2\/","title":{"rendered":"Badalona inicia una campanya per mesurar a 25 punts de la ciutat els nivells de concentraci\u00f3 d\u2019\u00f2xid de nitrogen (NO2)\u00a0"},"content":{"rendered":"\n<p>L\u2019Ajuntament de Badalona ha iniciat una campanya de mesurament de la contaminaci\u00f3 atmosf\u00e8rica a la ciutat. Durant les pr\u00f2ximes tres setmanes hi haur\u00e0 25 sensors repartits per tot el municipi amb l\u2019objectiu de con\u00e8ixer la mitjana de nivells d\u2019\u00d2xid de Nitrogen (NO2) present a l\u2019aire. A Badalona, els \u00f2xids de nitrogen, juntament amb les part\u00edcules contaminants de mida inferior a 10 i 2,5 micres, s\u00f3n els principals contaminants atmosf\u00e8rics perjudicials per a la salut de les persones&nbsp;<\/p>\n\n\n\n<p>L\u2019objectiu d\u2019aquesta campanya, que compta amb el suport de la Diputaci\u00f3 de Barcelona, \u00e9s avaluar la influ\u00e8ncia del tr\u00e0nsit en la qualitat de l\u2019aire. Per a fer l\u2019estudi s\u2019instal\u00b7len els captadors en zones amb diferent intensitat de circulaci\u00f3 i tamb\u00e9 en parcs urbans i \u00e0rees de vianants.&nbsp;<\/p>\n\n\n\n<p>Les dades obtingudes amb els captadors passius serviran per avaluar la situaci\u00f3 actual aix\u00ed com l\u2019evoluci\u00f3 de la contaminaci\u00f3 a la ciutat, ja que durant els anys 2008, 2017, 2018 i 2021 es van realitzar campanyes similars que permetran comparar les xifres. En aquest sentit, l\u2019any 2021 es van registrar els nivells m\u00e9s baixos mesurats fins a l\u2019actualitat, tot i que segurament s\u00f3n uns resultats influenciats per les restriccions associades a la pand\u00e8mia.&nbsp;<\/p>\n\n\n\n<p>L\u2019Organitzaci\u00f3 Mundial de la Salut (OMS) ha advertit reiteradament que la contaminaci\u00f3 de l\u2019aire \u00e9s responsable de milions de morts prematures al m\u00f3n. Un estudi recentment publicat per ISGlobal (Institut de Salut Global de Barcelona) ha quantificat que a l\u2019\u00e0rea metropolitana de Barcelona la reducci\u00f3 de l\u2019NO2 i de les part\u00edcules PM2,5 fins als nivells recomanats per l\u2019OMS estalviaria 82 i 1297 morts anuals respectivament.&nbsp;<\/p>\n\n\n\n<p>La regidora de Medi Ambient, Sostenibilitat i Benestar Animal, Rosa Trenado, ha valorat molt positivament la campanya perqu\u00e8 \u201camb les dades obtingudes a trav\u00e9s de les mostres recollides, el consistori podr\u00e0 actuar d&#8217;una forma m\u00e9s eficient en aquells punts en els quals es detecti que els nivells de contaminaci\u00f3 s\u00f3n m\u00e9s alts i d&#8217;aquesta manera podrem oferir una major protecci\u00f3 a la ciutadania\u201d.&nbsp;<\/p>\n","protected":false},"excerpt":{"rendered":"<p>L\u2019Ajuntament de Badalona ha iniciat una campanya de mesurament de la contaminaci\u00f3 atmosf\u00e8rica a la ciutat. Durant les pr\u00f2ximes tres setmanes hi haur\u00e0 25 sensors repartits per tot el municipi amb l\u2019objectiu de con\u00e8ixer la mitjana de nivells d\u2019\u00d2xid de Nitrogen (NO2) present a l\u2019aire. A Badalona, els \u00f2xids de nitrogen, juntament amb les part\u00edcules [&hellip;]<\/p>\n","protected":false},"author":2,"featured_media":4858,"comment_status":"open","ping_status":"open","sticky":false,"template":"","format":"standard","meta":{"footnotes":""},"categories":[23],"tags":[],"class_list":{"0":"post-4857","1":"post","2":"type-post","3":"status-publish","4":"format-standard","5":"has-post-thumbnail","7":"category-actualitat"},"_links":{"self":[{"href":"https:\/\/areabadalona.com\/diario\/wp-json\/wp\/v2\/posts\/4857","targetHints":{"allow":["GET"]}}],"collection":[{"href":"https:\/\/areabadalona.com\/diario\/wp-json\/wp\/v2\/posts"}],"about":[{"href":"https:\/\/areabadalona.com\/diario\/wp-json\/wp\/v2\/types\/post"}],"author":[{"embeddable":true,"href":"https:\/\/areabadalona.com\/diario\/wp-json\/wp\/v2\/users\/2"}],"replies":[{"embeddable":true,"href":"https:\/\/areabadalona.com\/diario\/wp-json\/wp\/v2\/comments?post=4857"}],"version-history":[{"count":1,"href":"https:\/\/areabadalona.com\/diario\/wp-json\/wp\/v2\/posts\/4857\/revisions"}],"predecessor-version":[{"id":4859,"href":"https:\/\/areabadalona.com\/diario\/wp-json\/wp\/v2\/posts\/4857\/revisions\/4859"}],"wp:featuredmedia":[{"embeddable":true,"href":"https:\/\/areabadalona.com\/diario\/wp-json\/wp\/v2\/media\/4858"}],"wp:attachment":[{"href":"https:\/\/areabadalona.com\/diario\/wp-json\/wp\/v2\/media?parent=4857"}],"wp:term":[{"taxonomy":"category","embeddable":true,"href":"https:\/\/areabadalona.com\/diario\/wp-json\/wp\/v2\/categories?post=4857"},{"taxonomy":"post_tag","embeddable":true,"href":"https:\/\/areabadalona.com\/diario\/wp-json\/wp\/v2\/tags?post=4857"}],"curies":[{"name":"wp","href":"https:\/\/api.w.org\/{rel}","templated":true}]}}