{"id":4842,"date":"2023-02-21T19:01:00","date_gmt":"2023-02-21T19:01:00","guid":{"rendered":"https:\/\/areabadalona.com\/diario\/?p=4842"},"modified":"2023-02-22T10:02:49","modified_gmt":"2023-02-22T10:02:49","slug":"un-dimoni-sense-fum-es-lescollit-per-cremar-la-nit-de-sant-anastasi-en-les-festes-de-maig-de-badalona","status":"publish","type":"post","link":"https:\/\/areabadalona.com\/diario\/2023\/02\/21\/un-dimoni-sense-fum-es-lescollit-per-cremar-la-nit-de-sant-anastasi-en-les-festes-de-maig-de-badalona\/","title":{"rendered":"Un dimoni \u201cSense fum!\u201d \u00e9s l\u2019escollit per cremar la nit de Sant Anastasi en les Festes de Maig de Badalona\u00a0"},"content":{"rendered":"\n<p>Aquesta tarda s\u2019ha presentat en p\u00fablic el disseny guanyador del vint-i-quatr\u00e8 concurs Crema\u2019l tu!, Premi de Disseny del Dimoni de Badalona que es plantar\u00e0 a la platja durant totes les Festes de Maig i que es cremar\u00e0 la Nit de Sant Anastasi, el 10 de maig. Durant l\u2019acte tamb\u00e9 s\u2019ha conegut el cartell i el mocador de les Festes de Maig d\u2019aquest any &nbsp;<\/p>\n\n\n\n<p><strong>Dimoni&nbsp;<\/strong><\/p>\n\n\n\n<p>El disseny escollit ha estat l\u2019obra \u201cSense fum!\u201d. Un Dimoni de formes geom\u00e8triques i pensat en que ha de ser constru\u00eft i cremat, molt \u201callunyat de les falles valencianes o d\u2019un dibuix d\u2019animaci\u00f3 o c\u00f2mic\u201d com destaca la seva autora, la badalonina \u00c0gata Gil.&nbsp;<\/p>\n\n\n\n<p>La figura presenta un dimoni ple de cotxe que, ja que aquest any Badalona ser\u00e0 Zona de Baixes Emissions en compliment de la normativa europea i estatal pot tenir, segons la mateixa autora del disseny, dues interpretacions: \u201cun dimoni enfadat amb la mesura enviat m\u00e9s cotxes a la ciutat o un dimoni emportant-se els cotxes que no compleixin amb la nova normativa\u201d.&nbsp;<\/p>\n\n\n\n<p>\u00c0gata Gil est\u00e0 llicenciada en Belles Arts per la Universitat de Barcelona i graduada superior en Il\u00b7lustraci\u00f3 i en Gr\u00e0fica Publicit\u00e0ria a l\u2019Escola d\u2019Art i Superior de Disseny Pau Gargallo de Badalona. Il\u00b7lustradora i dissenyadora gr\u00e0fica que treballa per diferents entitats, administracions, editorials i revistes. Actualment Gil tamb\u00e9 exerceix com a docent de diverses assignatures a l\u2019Escola d\u2019Art i Superior de Disseny Pau Gargallo.&nbsp;<\/p>\n\n\n\n<p><strong>Cartell&nbsp;<\/strong><\/p>\n\n\n\n<p>Durant l\u2019acte s\u2019ha fet p\u00fablic tamb\u00e9 el cartell de les Festes de Maig. Les guanyadores han estat Yvonne Menetray, de segon curs del cicle formatiu de grau superior (CFGS) d&#8217;Il\u00b7lustraci\u00f3, que ha obtingut el primer premi; Francesca Mero, tamb\u00e9 de segon curs del CFGS d\u2019Il\u00b7lustraci\u00f3, que ha tingut el segon, i Laia Ja\u00e9n de segon curs d\u2019ESDAPC (Escola Superior de Disseny i d\u2019Arts Pl\u00e0stiques de Catalunya) que ha aconseguit el tercer premi. Totes elles alumnes de l\u2019Escola d\u2019Art i Superior de Disseny Pau Gargallo &nbsp;<\/p>\n\n\n\n<p>Recordem que fa uns anys l\u2019Escola d\u2019Art i Superior de Disseny Pau Gargallo i l\u2019Ajuntament de Badalona van establir un acord de col\u00b7laboraci\u00f3 on es demanava que els alumnes del centre participessin en el disseny del cartell de les Festes de Maig, amb l\u2019objectiu d\u2019incentivar la creaci\u00f3 i promoure la difusi\u00f3 de la producci\u00f3 i obra gr\u00e0fica dels joves artistes i dissenyadors de l\u2019escola.&nbsp;<\/p>\n\n\n\n<p>Des de llavors l\u2019obra seleccionada, que \u00e9s la imatge gr\u00e0fica del cartell i de les aplicacions del Pla de Comunicaci\u00f3 de les Festes de Maig, \u00e9s obra de l\u2019alumnat d\u2019aquest centre educatiu.&nbsp;<\/p>\n\n\n\n<p><strong>Mocador verd-i-negre&nbsp;<\/strong><\/p>\n\n\n\n<p>El color del mocador d\u2019aquest any \u00e9s verd-i-negre. S\u2019ha volgut d\u2019aquesta manera continuar recollint l&#8217;esperit i l&#8217;orgull de ciutat que ha inundat tots els barris de Badalona durant la celebraci\u00f3 aquests dies de la Copa ACB de B\u00e0squet. El mocador simbolitza la participaci\u00f3 ciutadana a les Festes de Maig i l\u2019actitud solid\u00e0ria de Badalona. S\u2019elabora amb criteris de comer\u00e7 just per contribuir a millorar les condicions de vida i de treball dels productors i productores de pa\u00efsos m\u00e9s pobres, i per assegurar salaris i condicions de treball dignes.&nbsp;<\/p>\n\n\n\n<p>La presentaci\u00f3 del dimoni, el cartell i el mocador de les Festes de Maig 2023 ha comptat amb la pres\u00e8ncia de l\u2019alcalde de Badalona, Rub\u00e9n Guijarro, de la regidora de l\u2019\u00c0rea de Cultura i Mobilitat, Anna Maria Lara, i de les autores del disseny del dimoni i del cartell. L\u2019alcalde de Badalona ha agra\u00eft el treball del professorat i de l\u2019alumnat de l\u2019Escola d\u2019Art i Superior de Disseny Pau Gargallo i ha destacat que \u201cun any m\u00e9s han demostrat que \u00e9s un privilegi per a la ciutat tenir una escola d\u2019aquest nivell que ens fa diferencial, que potencia el talent i la cultura\u201d. L\u2019acte d\u2019avui, ha afegit, \u201c\u00e9s una mostra de la implicaci\u00f3 de totes les entitats en continuar fent de les Festes de Maig un referent de cultura i de participaci\u00f3\u201d. Pel que fa al disseny del dimoni escollit, Rub\u00e9n Guijarro, ha assenyalat que: \u201c\u00e9s de nou tot un encert que la figura del Dimoni ens confronti amb un tema d\u2019actualitat com \u00e9s la conviv\u00e8ncia amb els autom\u00f2bils a la ciutat\u201d. Per \u00faltim, ha destacat que: \u201cel fet que el mocador d\u2019aquestes festes sigui verd-i-negre reflecteix que aquests colors no s\u00f3n nom\u00e9s d\u2019un club de b\u00e0squet, sin\u00f3 que s\u00f3n ja un patrimoni de Badalona\u201d.&nbsp;<\/p>\n\n\n\n<p>La regidora de l\u2019\u00c0rea de Cultura i Mobilitat ha volgut destacar l\u2019alt nivell de les obres presentades i ha assenyalat que: \u201cun any m\u00e9s, la data d\u2019avui est\u00e0 marcada per tots els badalonins i badalonines com a molt especial perqu\u00e8 donem el tret de sortida de les Festes de Maig amb la presentaci\u00f3 del dimoni, del cartell i del disseny del mocador dedicat al Club Joventut Badalona per la celebraci\u00f3 de la copa ACB\u201d. &nbsp;<\/p>\n","protected":false},"excerpt":{"rendered":"<p>Aquesta tarda s\u2019ha presentat en p\u00fablic el disseny guanyador del vint-i-quatr\u00e8 concurs Crema\u2019l tu!, Premi de Disseny del Dimoni de Badalona que es plantar\u00e0 a la platja durant totes les Festes de Maig i que es cremar\u00e0 la Nit de Sant Anastasi, el 10 de maig. Durant l\u2019acte tamb\u00e9 s\u2019ha conegut el cartell i el [&hellip;]<\/p>\n","protected":false},"author":1,"featured_media":4843,"comment_status":"open","ping_status":"open","sticky":false,"template":"","format":"standard","meta":{"footnotes":""},"categories":[23,25],"tags":[],"class_list":{"0":"post-4842","1":"post","2":"type-post","3":"status-publish","4":"format-standard","5":"has-post-thumbnail","7":"category-actualitat","8":"category-cultura"},"_links":{"self":[{"href":"https:\/\/areabadalona.com\/diario\/wp-json\/wp\/v2\/posts\/4842","targetHints":{"allow":["GET"]}}],"collection":[{"href":"https:\/\/areabadalona.com\/diario\/wp-json\/wp\/v2\/posts"}],"about":[{"href":"https:\/\/areabadalona.com\/diario\/wp-json\/wp\/v2\/types\/post"}],"author":[{"embeddable":true,"href":"https:\/\/areabadalona.com\/diario\/wp-json\/wp\/v2\/users\/1"}],"replies":[{"embeddable":true,"href":"https:\/\/areabadalona.com\/diario\/wp-json\/wp\/v2\/comments?post=4842"}],"version-history":[{"count":1,"href":"https:\/\/areabadalona.com\/diario\/wp-json\/wp\/v2\/posts\/4842\/revisions"}],"predecessor-version":[{"id":4844,"href":"https:\/\/areabadalona.com\/diario\/wp-json\/wp\/v2\/posts\/4842\/revisions\/4844"}],"wp:featuredmedia":[{"embeddable":true,"href":"https:\/\/areabadalona.com\/diario\/wp-json\/wp\/v2\/media\/4843"}],"wp:attachment":[{"href":"https:\/\/areabadalona.com\/diario\/wp-json\/wp\/v2\/media?parent=4842"}],"wp:term":[{"taxonomy":"category","embeddable":true,"href":"https:\/\/areabadalona.com\/diario\/wp-json\/wp\/v2\/categories?post=4842"},{"taxonomy":"post_tag","embeddable":true,"href":"https:\/\/areabadalona.com\/diario\/wp-json\/wp\/v2\/tags?post=4842"}],"curies":[{"name":"wp","href":"https:\/\/api.w.org\/{rel}","templated":true}]}}