{"id":4835,"date":"2023-02-21T12:47:25","date_gmt":"2023-02-21T12:47:25","guid":{"rendered":"https:\/\/areabadalona.com\/diario\/?p=4835"},"modified":"2023-02-21T12:47:25","modified_gmt":"2023-02-21T12:47:25","slug":"badalona-commemora-el-dia-internacional-de-les-dones-amb-un-programa-dactivitats-reivindicatives-un-acte-institucional-i-una-manifestacio-unitaria","status":"publish","type":"post","link":"https:\/\/areabadalona.com\/diario\/2023\/02\/21\/badalona-commemora-el-dia-internacional-de-les-dones-amb-un-programa-dactivitats-reivindicatives-un-acte-institucional-i-una-manifestacio-unitaria\/","title":{"rendered":"Badalona commemora el Dia Internacional de les Dones amb un programa d\u2019activitats reivindicatives, un acte institucional i una manifestaci\u00f3 unit\u00e0ria\u00a0"},"content":{"rendered":"\n<p>Aquest dimarts al mat\u00ed s\u2019ha presentat la programaci\u00f3 d\u2019activitats previstes a Badalona amb motiu de la celebraci\u00f3 del 8 de mar\u00e7, Dia Internacional de les Dones. La segona tinenta d\u2019Alcaldia i regidora de l\u2019\u00c0mbit d\u2019Educaci\u00f3, Feminismes i LGTBIQ+, Ciutadania, Participaci\u00f3 i Agenda 2030, de l\u2019Ajuntament de Badalona, A\u00efda Llaurad\u00f3, s\u2019ha encarregat de donar a con\u00e8ixer els detalls de la programaci\u00f3 acompanyada de representants de les entitats del Consell de Dones de Badalona. &nbsp;<\/p>\n\n\n\n<p>Amb el lema \u201cJuntes som imparables\u201d l\u2019Ajuntament ha organitzat una s\u00e8rie d\u2019activitats que inclou tallers, confer\u00e8ncies, taules-rodones i activitats festives, culturals i esportives. L\u2019epicentre de la programaci\u00f3 tindr\u00e0 lloc el dia 8 de mar\u00e7 amb l\u2019acte institucional que se celebrar\u00e0 a partir de les 17.30 hores a la pla\u00e7a de la Vila. Durant l\u2019acte es far\u00e0 la lectura d\u2019un Manifest i un concert del Cor de Dones Joves del Conservatori de Badalona, que donar\u00e0 pas a la manifestaci\u00f3 unit\u00e0ria organitzada per la plataforma \u2018Convocat\u00f2ria manifestaci\u00f3 unit\u00e0ria 8M\u2019, que anir\u00e0 des de la pla\u00e7a de Pompeu Fabra fins a la pla\u00e7a de la Dona, al barri de Llefi\u00e0.&nbsp;<\/p>\n\n\n\n<p>La segona tinenta d\u2019Alcaldia, A\u00efda Llaurad\u00f3, ha explicat que des de \u201cl\u2019Ajuntament apostem per una programaci\u00f3 que sigui inclusiva, transversal i consensuada, de manera que pugui enfortir el moviment feminista de la ciutat\u201d. En aquest sentit, Llaurad\u00f3 ha destacat que \u201cla programaci\u00f3 inclou tamb\u00e9 els actes organitzats per les diferents entitats feministes de Badalona perqu\u00e8 volem donar visibilitat a tota la tasca ciutadana, ja que, encara que \u00e9s imprescindible que les institucions legislin i treballin des d\u2019una perspectiva feminista, sense la for\u00e7a de la gent el moviment no hauria pogut avan\u00e7ar com ho ha fet\u201d. &nbsp;<\/p>\n\n\n\n<p>Trobareu tota la programaci\u00f3 de les activitats \u201cJuntes som imparables\u201d, 8 de mar\u00e7 de 2023, Dia Internacional de les Dones en el<a href=\"http:\/\/badalona.cat\/portalWeb\/badalona.portal;jsessionid=T13fj0zYgBc6SV17668zLVf90h9h2LvvVbwBKZqVHWXzmfpZJRtB!229106129?_nfpb=true&amp;_pageLabel=contingut_estatic&amp;dCollectionID=5190#wlp_contingut_estatic\"> web municipal. <\/a>&nbsp;&nbsp;<\/p>\n\n\n\n<p><strong>Activitats organitzades per l\u2019Ajuntament&nbsp;<\/strong><\/p>\n\n\n\n<p><strong>Taller \u201cJuntes fem art al carrer\u201d&nbsp;<\/strong><\/p>\n\n\n\n<p>Dimarts 21 i 28 de febrer, a les 18 hores. Associaci\u00f3 de Ve\u00efns de Llefi\u00e0. Carrer d\u2019Europa, 14. A c\u00e0rrec de Nat\u00e0lia Rubio.&nbsp;<\/p>\n\n\n\n<p><strong>Mural \u201cJuntes fem art al carrer\u201d&nbsp;<\/strong><\/p>\n\n\n\n<p>Dissabte 4 de mar\u00e7, a les 10 hores a la pla\u00e7a de les Brigades Internacionals.&nbsp;<\/p>\n\n\n\n<p>Participaci\u00f3 art\u00edstica.&nbsp;<\/p>\n\n\n\n<p><strong>Rua Batucada<\/strong> <strong>\u201cJuntes fem art al carrer\u201d<\/strong>&nbsp;<\/p>\n\n\n\n<p>Dissabte 4 de mar\u00e7, a les 11 hores. Des de la cantonada del carrer de P\u00e9rez Gald\u00f3s amb el carrer d\u2019Europa, per pla\u00e7a de Trafalgar i ctra. de Mena fins a la pla\u00e7a de les Brigades Internacionals. Dinamitzaci\u00f3 a c\u00e0rrec de Kapomba.&nbsp;<\/p>\n\n\n\n<p><strong>Punt de trobada \u201cAmb veu de dona. Salut, oci i identitat\u201d&nbsp;<\/strong><\/p>\n\n\n\n<p>Dimarts 7 de mar\u00e7, de 17.30 a 19 hores al Badiu Jove. Carrer d\u2019Ausi\u00e0s March, 61. A c\u00e0rrec de Laura Terraza (LGTBIQ+), Sara Rodero (espai emocional) i Esther Estallo (prevenci\u00f3 d\u2019addiccions).&nbsp;<\/p>\n\n\n\n<p>Organitza: Badiu Jove. Inscripcions: <a>badiujove@badalona.cat<\/a>&nbsp;<\/p>\n\n\n\n<p><strong>Taula rodona \u201cJuntes i diverses\u201d&nbsp;<\/strong><\/p>\n\n\n\n<p>Dimecres 15 de mar\u00e7, a les 18 hores. Espai Bet\u00falia. Carrer d\u2019Enric Borr\u00e0s, 43-47. A c\u00e0rrec de Manu Kaur, Sara Cuentas, Bombo Ndir i Sukaine Fares. Modera N\u00faria Rodr\u00edguez.&nbsp; Cloenda de dansa africana a c\u00e0rrec de Kelly Lua.&nbsp;<\/p>\n\n\n\n<p><strong>Taller \u201cJuntes som inclusives\u201d&nbsp;<\/strong><\/p>\n\n\n\n<p>Dijous 16 de mar\u00e7, a les 18 hores. Centre C\u00edvic La Salut. Av. del Marqu\u00e8s de Sant Mori, 180. Llenguatge no sexista. Una sessi\u00f3 de dues hores amb certificat.&nbsp;<\/p>\n\n\n\n<p>Places limitades. Inscripcions a: <a href=\"https:\/\/bit.ly\/3IlGSc5\">https:\/\/bit.ly\/3IlGSc5<\/a> &nbsp;<\/p>\n\n\n\n<p>Hi col\u00b7labora: CNL de Badalona i Sant Adri\u00e0&nbsp;<\/p>\n\n\n\n<p><strong>Confer\u00e8ncia \u2013 Debat \u201cJuntes i empoderades a les xarxes\u201d&nbsp;<\/strong><\/p>\n\n\n\n<p>Divendres 24 de mar\u00e7, a les 18 hores. Institut B7. Carrer d\u2019Ausi\u00e0s Marc, 86.&nbsp;<\/p>\n\n\n\n<p>A c\u00e0rrec de Carla Galeote, activista, feminista i divulgadora.&nbsp;<\/p>\n","protected":false},"excerpt":{"rendered":"<p>Aquest dimarts al mat\u00ed s\u2019ha presentat la programaci\u00f3 d\u2019activitats previstes a Badalona amb motiu de la celebraci\u00f3 del 8 de mar\u00e7, Dia Internacional de les Dones. La segona tinenta d\u2019Alcaldia i regidora de l\u2019\u00c0mbit d\u2019Educaci\u00f3, Feminismes i LGTBIQ+, Ciutadania, Participaci\u00f3 i Agenda 2030, de l\u2019Ajuntament de Badalona, A\u00efda Llaurad\u00f3, s\u2019ha encarregat de donar a con\u00e8ixer [&hellip;]<\/p>\n","protected":false},"author":2,"featured_media":4836,"comment_status":"open","ping_status":"open","sticky":false,"template":"","format":"standard","meta":{"footnotes":""},"categories":[23],"tags":[],"class_list":{"0":"post-4835","1":"post","2":"type-post","3":"status-publish","4":"format-standard","5":"has-post-thumbnail","7":"category-actualitat"},"_links":{"self":[{"href":"https:\/\/areabadalona.com\/diario\/wp-json\/wp\/v2\/posts\/4835","targetHints":{"allow":["GET"]}}],"collection":[{"href":"https:\/\/areabadalona.com\/diario\/wp-json\/wp\/v2\/posts"}],"about":[{"href":"https:\/\/areabadalona.com\/diario\/wp-json\/wp\/v2\/types\/post"}],"author":[{"embeddable":true,"href":"https:\/\/areabadalona.com\/diario\/wp-json\/wp\/v2\/users\/2"}],"replies":[{"embeddable":true,"href":"https:\/\/areabadalona.com\/diario\/wp-json\/wp\/v2\/comments?post=4835"}],"version-history":[{"count":1,"href":"https:\/\/areabadalona.com\/diario\/wp-json\/wp\/v2\/posts\/4835\/revisions"}],"predecessor-version":[{"id":4837,"href":"https:\/\/areabadalona.com\/diario\/wp-json\/wp\/v2\/posts\/4835\/revisions\/4837"}],"wp:featuredmedia":[{"embeddable":true,"href":"https:\/\/areabadalona.com\/diario\/wp-json\/wp\/v2\/media\/4836"}],"wp:attachment":[{"href":"https:\/\/areabadalona.com\/diario\/wp-json\/wp\/v2\/media?parent=4835"}],"wp:term":[{"taxonomy":"category","embeddable":true,"href":"https:\/\/areabadalona.com\/diario\/wp-json\/wp\/v2\/categories?post=4835"},{"taxonomy":"post_tag","embeddable":true,"href":"https:\/\/areabadalona.com\/diario\/wp-json\/wp\/v2\/tags?post=4835"}],"curies":[{"name":"wp","href":"https:\/\/api.w.org\/{rel}","templated":true}]}}