{"id":4833,"date":"2023-02-21T11:00:34","date_gmt":"2023-02-21T11:00:34","guid":{"rendered":"https:\/\/areabadalona.com\/diario\/?p=4833"},"modified":"2023-02-21T11:00:34","modified_gmt":"2023-02-21T11:00:34","slug":"el-punt-dassessorament-energetic-de-lajuntament-de-badalona-va-atendre-mes-de-800-peticions-durant-lany-2022","status":"publish","type":"post","link":"https:\/\/areabadalona.com\/diario\/2023\/02\/21\/el-punt-dassessorament-energetic-de-lajuntament-de-badalona-va-atendre-mes-de-800-peticions-durant-lany-2022\/","title":{"rendered":"El Punt d\u2019Assessorament Energ\u00e8tic de l\u2019Ajuntament de Badalona va atendre m\u00e9s de 800 peticions durant l\u2019any 2022\u00a0"},"content":{"rendered":"\n<p>L\u2019any 2017 l\u2019Ajuntament de Badalona va posar en marxa un Punt d\u2019Assessorament Energ\u00e8tic gratu\u00eft obert a tota la ciutadania i petit comer\u00e7. L\u2019objectiu principal d\u2019aquest servei \u00e9s promoure un canvi en el model energ\u00e8tic actual mitjan\u00e7ant l\u2019aplicaci\u00f3 de mesures per reduir el consum, l\u2019augment de l\u2019efici\u00e8ncia i la incorporaci\u00f3 de l\u2019\u00fas de les energies renovables. Des de la posada en marxa de l\u2019oficina s\u2019han dut a terme 3000 actuacions d\u2019assessorament i acompanyament, el 37% (839) de les quals han estat ateses durant l\u2019any 2022, fet que certifica una necessitat creixent per part de la ciutadania de comptar amb aquest servei.&nbsp;<\/p>\n\n\n\n<p>Les fam\u00edlies en situaci\u00f3 de vulnerabilitat i pobresa energ\u00e8tica van ser els principals usuaris del servei. Durant l\u2019any passat es van rebre un total de 794 visites relacionades amb la tramitaci\u00f3 del bo social. En la major part dels casos l\u2019actuaci\u00f3 sobre aquesta q\u00fcesti\u00f3 van comportar l\u2019acompanyament en la realitzaci\u00f3 dels tr\u00e0mits necessaris amb les companyies per accedir als beneficis del bo social el\u00e8ctric, t\u00e8rmic i de l\u2019aigua. Aquesta tasca en molts casos tamb\u00e9 va implicar un seguiment telef\u00f2nic.&nbsp;<\/p>\n\n\n\n<p>Pel que respecta a les energies renovables, s\u2019han realitzat tasques d\u2019informaci\u00f3 i assessorament en temes d\u2019incorporaci\u00f3 de plaques fotovoltaiques, rehabilitaci\u00f3 energ\u00e8tica, bonificacions i ajudes a m\u00e9s de 45 fam\u00edlies de manera presencial i m\u00e9s de 60 de manera telef\u00f2nica.&nbsp;<\/p>\n\n\n\n<p>La regidora de Medi Ambient, Sostenibilitat i Benestar Animal, Rosa Trenado, ha subratllat que \u201c\u00e9s molt important difondre la tasca que fa aquest servei perqu\u00e8 l\u2019augment desmesurat en el preu de l\u2019energia t\u00e9 com a conseq\u00fc\u00e8ncia que moltes fam\u00edlies tinguin dificultats per fer front a les factures dels subministraments\u201d.&nbsp; \u201cDes de l\u2019Ajuntament volem col\u00b7laborar amb la ciutadania perqu\u00e8 no tinguin problemes amb la complexitat normativa i, m\u00e9s enll\u00e0 d\u2019aconseguir reduir el consum energ\u00e8tic, &nbsp;puguin accedir a les bonificacions i ajudes disponibles\u201d, ha explicat Trenado. &nbsp;<\/p>\n","protected":false},"excerpt":{"rendered":"<p>L\u2019any 2017 l\u2019Ajuntament de Badalona va posar en marxa un Punt d\u2019Assessorament Energ\u00e8tic gratu\u00eft obert a tota la ciutadania i petit comer\u00e7. L\u2019objectiu principal d\u2019aquest servei \u00e9s promoure un canvi en el model energ\u00e8tic actual mitjan\u00e7ant l\u2019aplicaci\u00f3 de mesures per reduir el consum, l\u2019augment de l\u2019efici\u00e8ncia i la incorporaci\u00f3 de l\u2019\u00fas de les energies renovables. [&hellip;]<\/p>\n","protected":false},"author":1,"featured_media":2048,"comment_status":"open","ping_status":"open","sticky":false,"template":"","format":"standard","meta":{"footnotes":""},"categories":[23],"tags":[],"class_list":{"0":"post-4833","1":"post","2":"type-post","3":"status-publish","4":"format-standard","5":"has-post-thumbnail","7":"category-actualitat"},"_links":{"self":[{"href":"https:\/\/areabadalona.com\/diario\/wp-json\/wp\/v2\/posts\/4833","targetHints":{"allow":["GET"]}}],"collection":[{"href":"https:\/\/areabadalona.com\/diario\/wp-json\/wp\/v2\/posts"}],"about":[{"href":"https:\/\/areabadalona.com\/diario\/wp-json\/wp\/v2\/types\/post"}],"author":[{"embeddable":true,"href":"https:\/\/areabadalona.com\/diario\/wp-json\/wp\/v2\/users\/1"}],"replies":[{"embeddable":true,"href":"https:\/\/areabadalona.com\/diario\/wp-json\/wp\/v2\/comments?post=4833"}],"version-history":[{"count":1,"href":"https:\/\/areabadalona.com\/diario\/wp-json\/wp\/v2\/posts\/4833\/revisions"}],"predecessor-version":[{"id":4834,"href":"https:\/\/areabadalona.com\/diario\/wp-json\/wp\/v2\/posts\/4833\/revisions\/4834"}],"wp:featuredmedia":[{"embeddable":true,"href":"https:\/\/areabadalona.com\/diario\/wp-json\/wp\/v2\/media\/2048"}],"wp:attachment":[{"href":"https:\/\/areabadalona.com\/diario\/wp-json\/wp\/v2\/media?parent=4833"}],"wp:term":[{"taxonomy":"category","embeddable":true,"href":"https:\/\/areabadalona.com\/diario\/wp-json\/wp\/v2\/categories?post=4833"},{"taxonomy":"post_tag","embeddable":true,"href":"https:\/\/areabadalona.com\/diario\/wp-json\/wp\/v2\/tags?post=4833"}],"curies":[{"name":"wp","href":"https:\/\/api.w.org\/{rel}","templated":true}]}}