{"id":4828,"date":"2023-02-20T12:48:17","date_gmt":"2023-02-20T12:48:17","guid":{"rendered":"https:\/\/areabadalona.com\/diario\/?p=4828"},"modified":"2023-02-20T12:48:18","modified_gmt":"2023-02-20T12:48:18","slug":"badalona-celebra-dissabte-25-de-febrer-el-dia-dandalusia","status":"publish","type":"post","link":"https:\/\/areabadalona.com\/diario\/2023\/02\/20\/badalona-celebra-dissabte-25-de-febrer-el-dia-dandalusia\/","title":{"rendered":"Badalona celebra dissabte 25 de febrer el Dia d\u2019Andalusia\u00a0"},"content":{"rendered":"\n<p>Badalona celebrar\u00e0 el dissabte 25 de febrer el Dia d\u2019Andalusia per rememorar el refer\u00e8ndum de l\u2019any 1980 que va donar autonomia plena a la comunitat andalusa. A les 18.30 hores es far\u00e0 a la pla\u00e7a de la Vila l\u2019acte institucional que inclour\u00e0 la hissada de la bandera i l\u2019himne d\u2019Andalusia.&nbsp;<\/p>\n\n\n\n<p>Un cop acabat l\u2019acte, a partir de les 19 hores, el Teatre Margarida Xirgu (carrer de Francesc Layret, 41), acollir\u00e0 l\u2019espectacle <em>Un tablao<\/em> de la companyia badalonina Lora de Goya, que comptar\u00e0 com artista convidat amb el <em>bailaor<\/em> Antonio Canales, considerat com una de les figures m\u00e9s importants de la nova generaci\u00f3 de <em>bailaores<\/em> de flamenc, i amb la col\u00b7laboraci\u00f3 d\u2019un altre <em>bailaor<\/em> i core\u00f2graf, Pepe Flores. &nbsp;<\/p>\n\n\n\n<p>L\u2019espectacle ambienta l\u2019espai esc\u00e8nic com si es tract\u00e9s d\u2019un local on es fan els espectacles de flamenc, el <em>tablao<\/em>, amb m\u00fasica, balls i cants, perqu\u00e8 el p\u00fablic pugui gaudir del flamenc en viu i experimentar plenament la m\u00e0gia d\u2019aquesta expressi\u00f3 art\u00edstica popular.&nbsp;<\/p>\n\n\n\n<p>L\u2019acte comptar\u00e0 amb la pres\u00e8ncia de l\u2019alcalde de Badalona, Rub\u00e9n Guijarro, i de la regidora de Cultura i Mobilitat, Anna Maria Lara.&nbsp;<\/p>\n\n\n\n<p>L\u2019entrada \u00e9s gratu\u00efta, per\u00f2 cal tenir present que l\u2019aforament \u00e9s limitat.&nbsp;<\/p>\n","protected":false},"excerpt":{"rendered":"<p>Badalona celebrar\u00e0 el dissabte 25 de febrer el Dia d\u2019Andalusia per rememorar el refer\u00e8ndum de l\u2019any 1980 que va donar autonomia plena a la comunitat andalusa. A les 18.30 hores es far\u00e0 a la pla\u00e7a de la Vila l\u2019acte institucional que inclour\u00e0 la hissada de la bandera i l\u2019himne d\u2019Andalusia.&nbsp; Un cop acabat l\u2019acte, a [&hellip;]<\/p>\n","protected":false},"author":1,"featured_media":4829,"comment_status":"open","ping_status":"open","sticky":false,"template":"","format":"standard","meta":{"footnotes":""},"categories":[23,25],"tags":[],"class_list":{"0":"post-4828","1":"post","2":"type-post","3":"status-publish","4":"format-standard","5":"has-post-thumbnail","7":"category-actualitat","8":"category-cultura"},"_links":{"self":[{"href":"https:\/\/areabadalona.com\/diario\/wp-json\/wp\/v2\/posts\/4828","targetHints":{"allow":["GET"]}}],"collection":[{"href":"https:\/\/areabadalona.com\/diario\/wp-json\/wp\/v2\/posts"}],"about":[{"href":"https:\/\/areabadalona.com\/diario\/wp-json\/wp\/v2\/types\/post"}],"author":[{"embeddable":true,"href":"https:\/\/areabadalona.com\/diario\/wp-json\/wp\/v2\/users\/1"}],"replies":[{"embeddable":true,"href":"https:\/\/areabadalona.com\/diario\/wp-json\/wp\/v2\/comments?post=4828"}],"version-history":[{"count":1,"href":"https:\/\/areabadalona.com\/diario\/wp-json\/wp\/v2\/posts\/4828\/revisions"}],"predecessor-version":[{"id":4830,"href":"https:\/\/areabadalona.com\/diario\/wp-json\/wp\/v2\/posts\/4828\/revisions\/4830"}],"wp:featuredmedia":[{"embeddable":true,"href":"https:\/\/areabadalona.com\/diario\/wp-json\/wp\/v2\/media\/4829"}],"wp:attachment":[{"href":"https:\/\/areabadalona.com\/diario\/wp-json\/wp\/v2\/media?parent=4828"}],"wp:term":[{"taxonomy":"category","embeddable":true,"href":"https:\/\/areabadalona.com\/diario\/wp-json\/wp\/v2\/categories?post=4828"},{"taxonomy":"post_tag","embeddable":true,"href":"https:\/\/areabadalona.com\/diario\/wp-json\/wp\/v2\/tags?post=4828"}],"curies":[{"name":"wp","href":"https:\/\/api.w.org\/{rel}","templated":true}]}}