{"id":4825,"date":"2023-02-20T12:12:09","date_gmt":"2023-02-20T12:12:09","guid":{"rendered":"https:\/\/areabadalona.com\/diario\/?p=4825"},"modified":"2023-02-20T12:12:09","modified_gmt":"2023-02-20T12:12:09","slug":"jornada-al-badalona-centre-internacional-de-negocis-bcin-per-ajudar-les-empreses-a-implementar-el-pla-digualtat","status":"publish","type":"post","link":"https:\/\/areabadalona.com\/diario\/2023\/02\/20\/jornada-al-badalona-centre-internacional-de-negocis-bcin-per-ajudar-les-empreses-a-implementar-el-pla-digualtat\/","title":{"rendered":"Jornada al Badalona Centre Internacional de Negocis (BCIN) per ajudar les empreses a implementar el Pla d\u2019Igualtat\u00a0"},"content":{"rendered":"\n<p>L\u2019Ajuntament de Badalona i el BCIN (Badalona Centre Internacional de Negocis) han organitzat per al dimarts 28 de febrer la jornada <strong>\u201cEl cam\u00ed cap a la Igualtat: per on comen\u00e7o?\u201d<\/strong> dirigida a les empreses de Badalona, Sant Adri\u00e0 de Bes\u00f2s i Montgat per ajudar-les a implementar el Pla d\u2019igualtat. Aquesta \u00e9s la tercera jornada del Programa Empresa Saludable, orientat als responsables de les empreses perqu\u00e8 puguin implementar accions que tinguin en compte el benestar f\u00edsic, emocional i mental dels seus treballadors i treballadores.&nbsp;<\/p>\n\n\n\n<p>La sessi\u00f3 formativa tindr\u00e0 lloc des de les 9.30 fins a les 11 hores al BCIN (carrer de Marcus Porcius, 1 del pol\u00edgon Les Guixeres de Badalona) i estar\u00e0 impartida per Berta Canals, directora de la Fundaci\u00f3 privada SORLI, experta en igualtat de g\u00e8nere i viol\u00e8ncies masclistes a l\u2019empresa, qui informar\u00e0 sobre els primers passos a donar per assolir la Igualtat en l&#8217;empresa.&nbsp;<\/p>\n\n\n\n<p>M\u00e9s informaci\u00f3 a: <a href=\"https:\/\/lnkd.in\/ec8JqcWF\">https:\/\/lnkd.in\/ec8JqcWF<\/a> &nbsp;<\/p>\n\n\n\n<p>Inscripcions: <a href=\"https:\/\/lnkd.in\/edn_wnJk\">https:\/\/lnkd.in\/edn_wnJk<\/a> &nbsp;<\/p>\n\n\n\n<p>La segona tinenta d\u2019Alcaldia i regidora de l\u2019\u00c0mbit d\u2019Educaci\u00f3, Feminismes i LGTBIQ+, Ciutadania, Participaci\u00f3 i Agenda 2030, A\u00efda Llaurad\u00f3, ser\u00e0 l\u2019encarregada d\u2019obrir la sessi\u00f3 i el tancament anir\u00e0 a c\u00e0rrec del primer tinent d\u2019Alcaldia i regidor de l\u2019\u00c0mbit d\u2019Impuls de Ciutat i Reconstrucci\u00f3 COVID, \u00c0lex Montorn\u00e8s.&nbsp;<\/p>\n\n\n\n<p>L\u2019objectiu del Programa Empreses Saludables \u00e9s que les empreses s\u2019ocupin del benestar del seu personal i puguin esdevenir el que s\u2019ha anomenat una \u201cempresa saludable\u201d. Segons s\u2019ha constatat, quan l\u2019empresa t\u00e9 en compte aquesta q\u00fcesti\u00f3 els seus treballadors i treballadores aporten molt m\u00e9s perqu\u00e8 augmenta la motivaci\u00f3, baixa l\u2019absentisme i es mant\u00e9 el talent, entre altres factors. En definitiva; tenir en compte la salut del personal facilita la continu\u00eftat i la rendibilitat de l\u2019empresa.&nbsp;<\/p>\n\n\n\n<p>L\u2019Ajuntament de Badalona i el BCIN compten amb la col\u00b7laboraci\u00f3 de la Diputaci\u00f3 de Barcelona, els ajuntaments de Sant Adri\u00e0 de Bes\u00f2s i Montgat; la Fundaci\u00f3 privada Sorli; Badalona Serveis Assistencials; FEB-PIMEC; \u00c0lex Roca; Focus Inside SL, Salut i Consci\u00e8ncia; Maria \u00c0ngels Farreny; Yolanda Pin\u00f3s i Elisabet Asensio.&nbsp;<\/p>\n","protected":false},"excerpt":{"rendered":"<p>L\u2019Ajuntament de Badalona i el BCIN (Badalona Centre Internacional de Negocis) han organitzat per al dimarts 28 de febrer la jornada \u201cEl cam\u00ed cap a la Igualtat: per on comen\u00e7o?\u201d dirigida a les empreses de Badalona, Sant Adri\u00e0 de Bes\u00f2s i Montgat per ajudar-les a implementar el Pla d\u2019igualtat. Aquesta \u00e9s la tercera jornada del [&hellip;]<\/p>\n","protected":false},"author":2,"featured_media":4826,"comment_status":"open","ping_status":"open","sticky":false,"template":"","format":"standard","meta":{"footnotes":""},"categories":[23],"tags":[],"class_list":{"0":"post-4825","1":"post","2":"type-post","3":"status-publish","4":"format-standard","5":"has-post-thumbnail","7":"category-actualitat"},"_links":{"self":[{"href":"https:\/\/areabadalona.com\/diario\/wp-json\/wp\/v2\/posts\/4825","targetHints":{"allow":["GET"]}}],"collection":[{"href":"https:\/\/areabadalona.com\/diario\/wp-json\/wp\/v2\/posts"}],"about":[{"href":"https:\/\/areabadalona.com\/diario\/wp-json\/wp\/v2\/types\/post"}],"author":[{"embeddable":true,"href":"https:\/\/areabadalona.com\/diario\/wp-json\/wp\/v2\/users\/2"}],"replies":[{"embeddable":true,"href":"https:\/\/areabadalona.com\/diario\/wp-json\/wp\/v2\/comments?post=4825"}],"version-history":[{"count":1,"href":"https:\/\/areabadalona.com\/diario\/wp-json\/wp\/v2\/posts\/4825\/revisions"}],"predecessor-version":[{"id":4827,"href":"https:\/\/areabadalona.com\/diario\/wp-json\/wp\/v2\/posts\/4825\/revisions\/4827"}],"wp:featuredmedia":[{"embeddable":true,"href":"https:\/\/areabadalona.com\/diario\/wp-json\/wp\/v2\/media\/4826"}],"wp:attachment":[{"href":"https:\/\/areabadalona.com\/diario\/wp-json\/wp\/v2\/media?parent=4825"}],"wp:term":[{"taxonomy":"category","embeddable":true,"href":"https:\/\/areabadalona.com\/diario\/wp-json\/wp\/v2\/categories?post=4825"},{"taxonomy":"post_tag","embeddable":true,"href":"https:\/\/areabadalona.com\/diario\/wp-json\/wp\/v2\/tags?post=4825"}],"curies":[{"name":"wp","href":"https:\/\/api.w.org\/{rel}","templated":true}]}}