{"id":4816,"date":"2023-02-16T10:41:11","date_gmt":"2023-02-16T10:41:11","guid":{"rendered":"https:\/\/areabadalona.com\/diario\/?p=4816"},"modified":"2023-02-16T10:41:11","modified_gmt":"2023-02-16T10:41:11","slug":"avui-dijous-16-de-febrer-sinaugura-al-museu-lexposicio-la-congregacio-dels-dolors-de-badalona-300-anys-dhistoria","status":"publish","type":"post","link":"https:\/\/areabadalona.com\/diario\/2023\/02\/16\/avui-dijous-16-de-febrer-sinaugura-al-museu-lexposicio-la-congregacio-dels-dolors-de-badalona-300-anys-dhistoria\/","title":{"rendered":"Avui dijous 16 de febrer s\u2019inaugura al Museu l\u2019exposici\u00f3 \u201cLa Congregaci\u00f3 dels Dolors de Badalona. 300 anys d\u2019hist\u00f2ria\u201d\u00a0"},"content":{"rendered":"\n<p><strong>Avui dijous 16 de febrer, a les 19 hores<\/strong>, s\u2019inaugura al Museu de Badalona l\u2019exposici\u00f3 \u201cLa Congregaci\u00f3 dels Dolors de Badalona. 300 anys d\u2019hist\u00f2ria\u201d. Amb seu a l\u2019esgl\u00e9sia de Santa Maria, la Venerable Congregaci\u00f3 de la Mare de D\u00e9u dels Dolors de Badalona, va ser fundada el 1723 a partir de fer-se c\u00e0rrec d\u2019una imatge de la Mare de D\u00e9u que encara es conserva avui dia i que, segons les cr\u00f2niques, es tracta d\u2019un misteri que participa en les processons de Dijous Sant des de principis del segle XVII. Ara, coincidint amb els 300 anys de la fundaci\u00f3 de la instituci\u00f3 i, per commemorar-ho, el Museu li dedica una exposici\u00f3 i un llibre escrit per Joan Ros\u00e0s, historiador i actual prior de la Congregaci\u00f3.\u00a0<\/p>\n\n\n\n<p>La mostra reuneix un conjunt de documents, fotografies i peces pertanyents a l\u2019entitat, amb la citada imatge de la Mare de D\u00e9u com a protagonista. Pel que fa a la publicaci\u00f3, explica els or\u00edgens de la congregaci\u00f3, l\u2019organitzaci\u00f3 -amb un curi\u00f3s tracte d\u2019igualtat entre homes i dones- i les nombroses vicissituds viscudes al llarg de la seva hist\u00f2ria, que inclou el dif\u00edcil per\u00edode de la Guerra Civil.&nbsp;<\/p>\n\n\n\n<p>L\u2019exposici\u00f3 convida a con\u00e8ixer l\u2019origen del culte a la Dolorosa i la hist\u00f2ria d\u2019aquesta fraternitat seglar que promou la fe i la vida espiritual dels feligresos i es pot visitar a la planta baixa del museu, en l\u2019horari habitual d\u2019obertura al p\u00fablic.&nbsp;<\/p>\n\n\n\n<p>Activitats que acompanyen a l\u2019exposici\u00f3:&nbsp;<\/p>\n\n\n\n<p><strong>Divendres 17 de febrer, a les 20.30 h&nbsp;<\/strong><\/p>\n\n\n\n<p>Presentaci\u00f3 de l\u2019auca del tercer centenari de la Congregaci\u00f3 dels Dolors, amb text de Joan Vilamala i dibuixos de Pilar\u00edn Bay\u00e9s. Lloc: capella dels Dolors de l\u2019esgl\u00e9sia de Santa Maria de Badalona. L\u2019acte comptar\u00e0 amb la pres\u00e8ncia dels autors.&nbsp;<\/p>\n\n\n\n<p><strong>Dijous 23 de febrer, a les 19 h&nbsp;<\/strong><\/p>\n\n\n\n<p>Una visi\u00f3 dels 300 anys d\u2019hist\u00f2ria de la Congregaci\u00f3 dels Dolors de Badalona. A c\u00e0rrec de Joan Ros\u00e0s, historiador i prior de la Congregaci\u00f3 de Badalona.&nbsp;<\/p>\n\n\n\n<p><strong>Dijous 2 de mar\u00e7, a les 19 h&nbsp;<\/strong><\/p>\n\n\n\n<p>Interdepend\u00e8ncia sociol\u00f2gica entre la Congregaci\u00f3 dels Dolors i la societat badalonina. A c\u00e0rrec d\u2019\u00c0ngel Acedo, graduat en Humanitats i professor.&nbsp;<\/p>\n\n\n\n<p><strong>Dijous 9 de mar\u00e7, a les 19 h&nbsp;<\/strong><\/p>\n\n\n\n<p>La restauraci\u00f3 del maniqu\u00ed de la imatge dels Dolors de Badalona. A c\u00e0rrec de Mireia Mestre, directora del Centre de Restauraci\u00f3 de B\u00e9ns Mobles de Catalunya, i Pere de Llobet, cap del taller de fusteria del MNAC.&nbsp;<\/p>\n\n\n\n<p><strong>Diumenge 26 de mar\u00e7. \u00daltim dia de l\u2019exposici\u00f3&nbsp;<\/strong><\/p>\n\n\n\n<p>Visita guiada a la Capella dels Dolors. Cal inscripci\u00f3 pr\u00e8via al web del Museu. Horari: 10.15 i 11 h. Activitat gratu\u00efta. Places limitades.&nbsp;<\/p>\n","protected":false},"excerpt":{"rendered":"<p>Avui dijous 16 de febrer, a les 19 hores, s\u2019inaugura al Museu de Badalona l\u2019exposici\u00f3 \u201cLa Congregaci\u00f3 dels Dolors de Badalona. 300 anys d\u2019hist\u00f2ria\u201d. Amb seu a l\u2019esgl\u00e9sia de Santa Maria, la Venerable Congregaci\u00f3 de la Mare de D\u00e9u dels Dolors de Badalona, va ser fundada el 1723 a partir de fer-se c\u00e0rrec d\u2019una imatge [&hellip;]<\/p>\n","protected":false},"author":1,"featured_media":4817,"comment_status":"open","ping_status":"open","sticky":false,"template":"","format":"standard","meta":{"footnotes":""},"categories":[23,25],"tags":[],"class_list":{"0":"post-4816","1":"post","2":"type-post","3":"status-publish","4":"format-standard","5":"has-post-thumbnail","7":"category-actualitat","8":"category-cultura"},"_links":{"self":[{"href":"https:\/\/areabadalona.com\/diario\/wp-json\/wp\/v2\/posts\/4816","targetHints":{"allow":["GET"]}}],"collection":[{"href":"https:\/\/areabadalona.com\/diario\/wp-json\/wp\/v2\/posts"}],"about":[{"href":"https:\/\/areabadalona.com\/diario\/wp-json\/wp\/v2\/types\/post"}],"author":[{"embeddable":true,"href":"https:\/\/areabadalona.com\/diario\/wp-json\/wp\/v2\/users\/1"}],"replies":[{"embeddable":true,"href":"https:\/\/areabadalona.com\/diario\/wp-json\/wp\/v2\/comments?post=4816"}],"version-history":[{"count":1,"href":"https:\/\/areabadalona.com\/diario\/wp-json\/wp\/v2\/posts\/4816\/revisions"}],"predecessor-version":[{"id":4818,"href":"https:\/\/areabadalona.com\/diario\/wp-json\/wp\/v2\/posts\/4816\/revisions\/4818"}],"wp:featuredmedia":[{"embeddable":true,"href":"https:\/\/areabadalona.com\/diario\/wp-json\/wp\/v2\/media\/4817"}],"wp:attachment":[{"href":"https:\/\/areabadalona.com\/diario\/wp-json\/wp\/v2\/media?parent=4816"}],"wp:term":[{"taxonomy":"category","embeddable":true,"href":"https:\/\/areabadalona.com\/diario\/wp-json\/wp\/v2\/categories?post=4816"},{"taxonomy":"post_tag","embeddable":true,"href":"https:\/\/areabadalona.com\/diario\/wp-json\/wp\/v2\/tags?post=4816"}],"curies":[{"name":"wp","href":"https:\/\/api.w.org\/{rel}","templated":true}]}}