{"id":4813,"date":"2023-02-16T10:39:46","date_gmt":"2023-02-16T10:39:46","guid":{"rendered":"https:\/\/areabadalona.com\/diario\/?p=4813"},"modified":"2023-02-16T10:39:47","modified_gmt":"2023-02-16T10:39:47","slug":"lajuntament-de-badalona-endesa-i-tusgsal-impulsen-el-transport-public-sostenible-durant-la-copa-del-rei-de-badalona-2023","status":"publish","type":"post","link":"https:\/\/areabadalona.com\/diario\/2023\/02\/16\/lajuntament-de-badalona-endesa-i-tusgsal-impulsen-el-transport-public-sostenible-durant-la-copa-del-rei-de-badalona-2023\/","title":{"rendered":"L&#8217;Ajuntament de Badalona, Endesa i Tusgsal impulsen el transport p\u00fablic sostenible durant la Copa del Rei de Badalona 2023\u00a0"},"content":{"rendered":"\n<p>L&#8217;Ajuntament de Badalona, Endesa i Tusgsal han presentat el pla especial de transport p\u00fablic que connectar\u00e0 les seus de la Minicopa Endesa i la Copa del Rei amb els diferents espais d&#8217;activacions de la ciutat de Badalona a trav\u00e9s d&#8217;una xarxa d&#8217;autobusos el\u00e8ctrics durant tota la setmana. L&#8217;acord a tres parts amb el suport de l\u2019acb facilitar\u00e0 el despla\u00e7ament als punts neur\u00e0lgics del b\u00e0squet nacional des d&#8217;avui dimecres fins al diumenge 19 de febrer.&nbsp;<\/p>\n\n\n\n<p>Endesa, Ajuntament de Badalona i Tusgsal aposten per un model de transport obert i sostenible, i posen a la disposici\u00f3 de tots els <em>Basket Lover<\/em> una llan\u00e7adora d&#8217;autobusos completament el\u00e8ctrics de manera gratu\u00efta. Amb una freq\u00fc\u00e8ncia de sortida de deu minuts, el Poliesportiu Llefi\u00e0 i el Palau Municipal d\u2019Esports de Badalona estaran m\u00e9s a prop que mai de l&#8217;aficionat per a poder gaudir de les dues competicions que albergar\u00e0 aquesta ciutat.&nbsp;<\/p>\n\n\n\n<p>L&#8217;acte, que ha tingut lloc davant el Palau Municipal d\u2019Esports de Badalona, ha comptat amb la pres\u00e8ncia de Rub\u00e9n Guijarro, alcalde de Badalona; Anna Maria Lara, regidora del Districte n\u00famero 5; Jos\u00e9 Miguel Calleja, director general d\u2019acb; Enric Brazis, responsable de relacions institucionals d&#8217;Endesa a Catalunya; Jos\u00e9 Antonio Parra, subdirector general de Tusgsal; Juan Antonio Morales, president del Club Joventut Badalona; i els jugadors del Club Joventut Badalona, Vladimir Brodziansky i Pep Busquets.&nbsp;<\/p>\n\n\n\n<p>Les l\u00ednies habilitades s\u00f3n:&nbsp;<\/p>\n\n\n\n<p><strong>&#8211; L\u00ednia SE1:<\/strong> amb recorregut Gorg \u2013 Llefi\u00e0 \u2013 Gorg cada deu minuts des de les 08.30 hores fins a les 18.30 hores.&nbsp;<\/p>\n\n\n\n<p><strong>&#8211; L\u00ednia SE2:<\/strong> amb recorregut Gorg \u2013 Centre \u2013 Montigal\u00e0 \u2013 Gorg cada deu minuts des de les 11.30 hores fins a les 18.30 hores.&nbsp;<\/p>\n\n\n\n<p><strong>&#8211; Llan\u00e7adora especial<\/strong> <strong>per a la nit del divendres<\/strong> amb recorregut Gorg \u2013 La Nit de la Copa \u2013 Centre \u2013 Gorg per a gaudir de <strong>La Nit de la Copa<\/strong> que organitza l&#8217;Ajuntament en el pol\u00edgon de Ca Rib\u00f3.&nbsp;<\/p>\n\n\n\n<p>L\u2019alcalde de Badalona, Rub\u00e9n Guijarro, ha destacat que: \u201cuna de les claus de l\u2019\u00e8xit, de la participaci\u00f3 i de la implicaci\u00f3 de la ciutadania en la celebraci\u00f3 de la Copa del Rei de b\u00e0squet, era el fet de connectar de la millor manera possible els diferents punts de la ciutat on tindran lloc activitats relacionades amb aquest esdeveniment. Per primera vegada en totes les edicions de la Copa, a Badalona ser\u00e0 possible fer-ho amb aquests autobusos d\u2019una manera, r\u00e0pida. sostenible i gratu\u00efta\u201d.&nbsp;<\/p>\n","protected":false},"excerpt":{"rendered":"<p>L&#8217;Ajuntament de Badalona, Endesa i Tusgsal han presentat el pla especial de transport p\u00fablic que connectar\u00e0 les seus de la Minicopa Endesa i la Copa del Rei amb els diferents espais d&#8217;activacions de la ciutat de Badalona a trav\u00e9s d&#8217;una xarxa d&#8217;autobusos el\u00e8ctrics durant tota la setmana. L&#8217;acord a tres parts amb el suport de [&hellip;]<\/p>\n","protected":false},"author":2,"featured_media":4814,"comment_status":"open","ping_status":"open","sticky":false,"template":"","format":"standard","meta":{"footnotes":""},"categories":[23,26],"tags":[],"class_list":{"0":"post-4813","1":"post","2":"type-post","3":"status-publish","4":"format-standard","5":"has-post-thumbnail","7":"category-actualitat","8":"category-esports"},"_links":{"self":[{"href":"https:\/\/areabadalona.com\/diario\/wp-json\/wp\/v2\/posts\/4813","targetHints":{"allow":["GET"]}}],"collection":[{"href":"https:\/\/areabadalona.com\/diario\/wp-json\/wp\/v2\/posts"}],"about":[{"href":"https:\/\/areabadalona.com\/diario\/wp-json\/wp\/v2\/types\/post"}],"author":[{"embeddable":true,"href":"https:\/\/areabadalona.com\/diario\/wp-json\/wp\/v2\/users\/2"}],"replies":[{"embeddable":true,"href":"https:\/\/areabadalona.com\/diario\/wp-json\/wp\/v2\/comments?post=4813"}],"version-history":[{"count":1,"href":"https:\/\/areabadalona.com\/diario\/wp-json\/wp\/v2\/posts\/4813\/revisions"}],"predecessor-version":[{"id":4815,"href":"https:\/\/areabadalona.com\/diario\/wp-json\/wp\/v2\/posts\/4813\/revisions\/4815"}],"wp:featuredmedia":[{"embeddable":true,"href":"https:\/\/areabadalona.com\/diario\/wp-json\/wp\/v2\/media\/4814"}],"wp:attachment":[{"href":"https:\/\/areabadalona.com\/diario\/wp-json\/wp\/v2\/media?parent=4813"}],"wp:term":[{"taxonomy":"category","embeddable":true,"href":"https:\/\/areabadalona.com\/diario\/wp-json\/wp\/v2\/categories?post=4813"},{"taxonomy":"post_tag","embeddable":true,"href":"https:\/\/areabadalona.com\/diario\/wp-json\/wp\/v2\/tags?post=4813"}],"curies":[{"name":"wp","href":"https:\/\/api.w.org\/{rel}","templated":true}]}}