{"id":4810,"date":"2023-02-15T10:29:42","date_gmt":"2023-02-15T10:29:42","guid":{"rendered":"https:\/\/areabadalona.com\/diario\/?p=4810"},"modified":"2023-02-16T10:30:29","modified_gmt":"2023-02-16T10:30:29","slug":"diumenge-26-de-febrer-es-celebrara-a-badalona-lonzena-edicio-de-la-cursa-benefica-per-les-malalties-minoritaries","status":"publish","type":"post","link":"https:\/\/areabadalona.com\/diario\/2023\/02\/15\/diumenge-26-de-febrer-es-celebrara-a-badalona-lonzena-edicio-de-la-cursa-benefica-per-les-malalties-minoritaries\/","title":{"rendered":"Diumenge 26 de febrer es celebrar\u00e0 a Badalona l\u2019onzena edici\u00f3 de la Cursa Ben\u00e8fica per les Malalties Minorit\u00e0ries\u00a0"},"content":{"rendered":"\n<p>Avui s\u2019ha presentat l\u2019onzena edici\u00f3 de la Cursa Ben\u00e8fica per a Malalties Minorit\u00e0ries que es correr\u00e0 a Badalona el diumenge 26 de febrer. Aquesta cursa urbana, amb sortida i arribada al passeig Mar\u00edtim, al costat del Port, consta de dos recorreguts, de 5 km i 10 km que sortiran a les 9.30hores i un circuit infantil de 400 metres que sortiran des del mateix passeig un cop acabin les altres curses.&nbsp;<\/p>\n\n\n\n<p>L\u2019acte de presentaci\u00f3 ha comptat amb la pres\u00e8ncia de la quarta tinenta d\u2019alcaldia i regidora de l\u2019\u00c0mbit de Territori, Habitatge Esports i Salut, Teresa Gonz\u00e1lez; del president de la Plataforma Acci\u00f3 Badalona (organitzadora de la cursa), Javier Cabrera; de la investigadora de l\u2019Institut d\u2019Investigaci\u00f3 Germans Trias i Pujol (IGTP) Gisela Nogales; del gerent del l\u2019Associaci\u00f3 de Familiars i Amics de Nens Oncol\u00f2gics de Catalunya Narc\u00eds Serrats; del director de la cursa David Neira i d\u2019un representant de l\u2019organitzaci\u00f3 sense \u00e0nim de lucre que dona suports a fam\u00edlies amb nens i adolescents amb c\u00e0ncer, Transperfect Mountain Challenge, Aitor Medrano.&nbsp;<\/p>\n\n\n\n<p>Aquesta cursa, organitzada per l&#8217;Associaci\u00f3 de Ve\u00efns Tur\u00f3 Caritg conjuntament amb la Plataforma Acci\u00f3 Badalona i l&#8217;Associaci\u00f3 de Comerciants Salut Alta Pau Piferrer, amb la col\u00b7laboraci\u00f3 de l&#8217;Ajuntament de Badalona, t\u00e9 un car\u00e0cter cent per cent solidari ja que les inscripcions es destinaran a col\u00b7laborar amb la Fundaci\u00f3 Institut Ci\u00e8ncies de la Salut IGTP Germans Trias i Pujol, laboratori de recerca en malalties minorit\u00e0ries neuromusculars i neuropedi\u00e0triques.&nbsp;<\/p>\n\n\n\n<p>La inscripci\u00f3 es pot fer fins dijous 24 de febrer i tindr\u00e0 un cost de 12 \u20ac pels que tenen el xip groc en propietat i de 14 \u20ac per la resta d\u2019inscripcions. La cursa infantil \u00e9s gratu\u00efta.&nbsp;<\/p>\n\n\n\n<p>La recollida de dorsals i de les bosses dels corredors ser\u00e0 el dissabte, 25 de febrer, de 10 a 20 hores, al Centre Comercial Montigal\u00e0 de Badalona ubicat al passeig d\u2019Olof Palme, 28-36. Tamb\u00e9 es podr\u00e0 recollir el mateix dia de la cursa, una hora abans de comen\u00e7ar les carreres, en el mateix punt de sortida, al passeig Mar\u00edtm.&nbsp;<\/p>\n\n\n\n<p>Diversos operadors del Centre Comercial Montigal\u00e0, com Carrefour; Equivalenza; la Cl\u00ednica Dental Star; Natural Blend i Mc Donald\u2019s, col\u00b7laboren amb la cursa obsequiant als corredors i corredores amb diversos regals, descomptes o menjar i beguda. &nbsp;<\/p>\n\n\n\n<p>La quarta tinenta d\u2019alcaldia i regidora de l\u2019\u00c0mbit de Territori, Habitatge Esports i Salut, Teresa Gonz\u00e1lez ha destacat la import\u00e0ncia \u201cde fer visible i conscienciar la ciutadania sobre la realitat de les diferents patologies de les anomenades Malalties Minorit\u00e0ries (MM), o malalties rares, i de la necessitat de destinar m\u00e9s recursos a la seva investigaci\u00f3\u201d. La regidora ha agra\u00eft tamb\u00e9 als organitzadors de la cursa la seva tasca i ha animat a la gent a participar-hi.&nbsp;<\/p>\n","protected":false},"excerpt":{"rendered":"<p>Avui s\u2019ha presentat l\u2019onzena edici\u00f3 de la Cursa Ben\u00e8fica per a Malalties Minorit\u00e0ries que es correr\u00e0 a Badalona el diumenge 26 de febrer. Aquesta cursa urbana, amb sortida i arribada al passeig Mar\u00edtim, al costat del Port, consta de dos recorreguts, de 5 km i 10 km que sortiran a les 9.30hores i un circuit [&hellip;]<\/p>\n","protected":false},"author":2,"featured_media":4811,"comment_status":"open","ping_status":"open","sticky":false,"template":"","format":"standard","meta":{"footnotes":""},"categories":[26,24],"tags":[],"class_list":{"0":"post-4810","1":"post","2":"type-post","3":"status-publish","4":"format-standard","5":"has-post-thumbnail","7":"category-esports","8":"category-societat"},"_links":{"self":[{"href":"https:\/\/areabadalona.com\/diario\/wp-json\/wp\/v2\/posts\/4810","targetHints":{"allow":["GET"]}}],"collection":[{"href":"https:\/\/areabadalona.com\/diario\/wp-json\/wp\/v2\/posts"}],"about":[{"href":"https:\/\/areabadalona.com\/diario\/wp-json\/wp\/v2\/types\/post"}],"author":[{"embeddable":true,"href":"https:\/\/areabadalona.com\/diario\/wp-json\/wp\/v2\/users\/2"}],"replies":[{"embeddable":true,"href":"https:\/\/areabadalona.com\/diario\/wp-json\/wp\/v2\/comments?post=4810"}],"version-history":[{"count":1,"href":"https:\/\/areabadalona.com\/diario\/wp-json\/wp\/v2\/posts\/4810\/revisions"}],"predecessor-version":[{"id":4812,"href":"https:\/\/areabadalona.com\/diario\/wp-json\/wp\/v2\/posts\/4810\/revisions\/4812"}],"wp:featuredmedia":[{"embeddable":true,"href":"https:\/\/areabadalona.com\/diario\/wp-json\/wp\/v2\/media\/4811"}],"wp:attachment":[{"href":"https:\/\/areabadalona.com\/diario\/wp-json\/wp\/v2\/media?parent=4810"}],"wp:term":[{"taxonomy":"category","embeddable":true,"href":"https:\/\/areabadalona.com\/diario\/wp-json\/wp\/v2\/categories?post=4810"},{"taxonomy":"post_tag","embeddable":true,"href":"https:\/\/areabadalona.com\/diario\/wp-json\/wp\/v2\/tags?post=4810"}],"curies":[{"name":"wp","href":"https:\/\/api.w.org\/{rel}","templated":true}]}}