{"id":4807,"date":"2023-02-15T09:53:56","date_gmt":"2023-02-15T09:53:56","guid":{"rendered":"https:\/\/areabadalona.com\/diario\/?p=4807"},"modified":"2023-02-15T09:53:57","modified_gmt":"2023-02-15T09:53:57","slug":"lajuntament-de-badalona-instal%c2%b7la-un-punt-de-recollida-dajut-humanitari-per-a-les-victimes-del-terratremol-de-turquia-i-siria","status":"publish","type":"post","link":"https:\/\/areabadalona.com\/diario\/2023\/02\/15\/lajuntament-de-badalona-instal%c2%b7la-un-punt-de-recollida-dajut-humanitari-per-a-les-victimes-del-terratremol-de-turquia-i-siria\/","title":{"rendered":"L\u2019Ajuntament de Badalona instal\u00b7la un punt de recollida d\u2019ajut humanitari per a les v\u00edctimes del terratr\u00e8mol de Turquia i S\u00edria\u00a0"},"content":{"rendered":"\n<p>El Centre C\u00edvic Can Pepus de Badalona, situat al carrer de Francesc Maci\u00e0 104, funcionar\u00e0 fins a aquest divendres 17 de febrer com a punt de recollida d\u2019ajut humanitari per a les persones afectades pel terratr\u00e8mol de Turquia i S\u00edria. El dispositiu est\u00e0 organitzat per l\u2019\u00c0rea de Solidaritat, Cooperaci\u00f3 i Migracions de l\u2019Ajuntament de Badalona amb el suport de Protecci\u00f3 Civil i de persones volunt\u00e0ries i est\u00e0 coordinat a trav\u00e9s del Consolat General de Turquia a Barcelona. El punt de recollida estar\u00e0 obert al p\u00fablic de 9 a 13 hores i de 16 a 20 hores.&nbsp;<\/p>\n\n\n\n<p>El material que se sol\u00b7licita a les persones que puguin fer aportacions \u00e9s roba d\u2019hivern per a adults i menors que no tingui \u00fas previ o estigui en molt bon estat de conservaci\u00f3 (abrics, impermeables, sacs de dormir, mantes, i roba interior i mitjons que siguin nous); aliments no peribles i en conserva; llet en pols, farinetes, biberons, i bolquers per a nadons; material sanitari (antibi\u00f2tics, analg\u00e8sics, pomades, alcohol, benes, aigua oxigenada i bolquers per a gent gran); materials d\u2019higiene personal (sabons, pasta i raspalls de dents); i altres elements com tendes de campanya, m\u00e0rfegues, bateries externes per a dispositius m\u00f2bils, termos i llanternes. &nbsp;<\/p>\n\n\n\n<p>L\u2019Ajuntament de Badalona s\u2019encarregar\u00e0 d\u2019organitzar i classificar el material recollit que ser\u00e0 enviat mitjan\u00e7ant contenidors de vaixell gestionats pel Rebost Solidari de Terrassa.&nbsp;<\/p>\n\n\n\n<p>El tercer tinent d\u2019Alcaldia i regidor de l\u2019\u00c0mbit de Protecci\u00f3 Social a les Persones i Impuls Comercial, David Torrents, ha informat sobre els detalls d\u2019aquesta campanya de recollida solid\u00e0ria de material per a les v\u00edctimes del terratr\u00e8mol des del Centre C\u00edvic Can Pepus. El regidor ha animat la ciutadania a ser solid\u00e0ria amb les v\u00edctimes del terratr\u00e8mol i alhora ha fet una crida a qu\u00e8 s\u2019aporti estrictament el material sol\u00b7licitat. Tamb\u00e9 ha agra\u00eft l\u2019esfor\u00e7 dels t\u00e8cnics municipals i voluntaris de Badalona Acull per organitzar el dispositiu de recollida i la posterior classificaci\u00f3 i emmagatzematge. &nbsp;<\/p>\n","protected":false},"excerpt":{"rendered":"<p>El Centre C\u00edvic Can Pepus de Badalona, situat al carrer de Francesc Maci\u00e0 104, funcionar\u00e0 fins a aquest divendres 17 de febrer com a punt de recollida d\u2019ajut humanitari per a les persones afectades pel terratr\u00e8mol de Turquia i S\u00edria. El dispositiu est\u00e0 organitzat per l\u2019\u00c0rea de Solidaritat, Cooperaci\u00f3 i Migracions de l\u2019Ajuntament de Badalona [&hellip;]<\/p>\n","protected":false},"author":2,"featured_media":4808,"comment_status":"open","ping_status":"open","sticky":false,"template":"","format":"standard","meta":{"footnotes":""},"categories":[23,24],"tags":[],"class_list":{"0":"post-4807","1":"post","2":"type-post","3":"status-publish","4":"format-standard","5":"has-post-thumbnail","7":"category-actualitat","8":"category-societat"},"_links":{"self":[{"href":"https:\/\/areabadalona.com\/diario\/wp-json\/wp\/v2\/posts\/4807","targetHints":{"allow":["GET"]}}],"collection":[{"href":"https:\/\/areabadalona.com\/diario\/wp-json\/wp\/v2\/posts"}],"about":[{"href":"https:\/\/areabadalona.com\/diario\/wp-json\/wp\/v2\/types\/post"}],"author":[{"embeddable":true,"href":"https:\/\/areabadalona.com\/diario\/wp-json\/wp\/v2\/users\/2"}],"replies":[{"embeddable":true,"href":"https:\/\/areabadalona.com\/diario\/wp-json\/wp\/v2\/comments?post=4807"}],"version-history":[{"count":1,"href":"https:\/\/areabadalona.com\/diario\/wp-json\/wp\/v2\/posts\/4807\/revisions"}],"predecessor-version":[{"id":4809,"href":"https:\/\/areabadalona.com\/diario\/wp-json\/wp\/v2\/posts\/4807\/revisions\/4809"}],"wp:featuredmedia":[{"embeddable":true,"href":"https:\/\/areabadalona.com\/diario\/wp-json\/wp\/v2\/media\/4808"}],"wp:attachment":[{"href":"https:\/\/areabadalona.com\/diario\/wp-json\/wp\/v2\/media?parent=4807"}],"wp:term":[{"taxonomy":"category","embeddable":true,"href":"https:\/\/areabadalona.com\/diario\/wp-json\/wp\/v2\/categories?post=4807"},{"taxonomy":"post_tag","embeddable":true,"href":"https:\/\/areabadalona.com\/diario\/wp-json\/wp\/v2\/tags?post=4807"}],"curies":[{"name":"wp","href":"https:\/\/api.w.org\/{rel}","templated":true}]}}