{"id":4804,"date":"2023-02-15T09:50:57","date_gmt":"2023-02-15T09:50:57","guid":{"rendered":"https:\/\/areabadalona.com\/diario\/?p=4804"},"modified":"2023-02-15T09:50:58","modified_gmt":"2023-02-15T09:50:58","slug":"la-copa-del-rei-de-badalona-tindra-un-espai-de-500-m%c2%b2-destinat-a-promocionar-la-restauracio-local","status":"publish","type":"post","link":"https:\/\/areabadalona.com\/diario\/2023\/02\/15\/la-copa-del-rei-de-badalona-tindra-un-espai-de-500-m%c2%b2-destinat-a-promocionar-la-restauracio-local\/","title":{"rendered":"La Copa del Rei de Badalona tindr\u00e0 un espai de 500 m\u00b2 destinat a promocionar la restauraci\u00f3 local\u00a0"},"content":{"rendered":"\n<p>Entre dijous 16 i diumenge 19 de febrer, coincidint amb la celebraci\u00f3 de la Copa del Rei de b\u00e0squet a Badalona, s\u2019instal\u00b7lar\u00e0 a la Fan Zone del Gorg un espai de 500 m\u00b2 exclusivament destinat a promocionar la restauraci\u00f3 local. En aquesta mostra gastron\u00f2mica s\u2019oferiran menjars, postres, begudes i caf\u00e8s per presentar als assistents un petit tast de la riquesa culin\u00e0ria que es pot trobar a la ciutat. &nbsp;<\/p>\n\n\n\n<p>La creaci\u00f3 d\u2019aquest espai de restauraci\u00f3 local arriba gr\u00e0cies a l\u2019acord entre l\u2019Ajuntament de Badalona i l\u2019acb per gestionar els serveis que s\u2019oferiran a les Fan Zones de la Copa del Rei. Fruit d\u2019aquesta entesa es va estipular que l\u2019oferta gastron\u00f2mica present a la Fan Zone del Gorg fos \u00fanicament de negocis del municipi i que no s\u2019instal\u00b7laria cap mena d\u2019espai de restauraci\u00f3 a la Fan Zone del Centre, ja que als voltants de la pla\u00e7a Pompeu Fabra hi ha molts bars i restaurants amb propostes variades. &nbsp;<\/p>\n\n\n\n<p>La materialitzaci\u00f3 de l\u2019acord s\u2019ha dut a terme amb un conveni entre l\u2019acb i el Gremi d\u2019Hostaleria i Turisme del Barcelon\u00e8s Nord i Maresme Sud, l\u2019entitat proposada per l\u2019Ajuntament perqu\u00e8 \u00e9s la que reuneix major nombre de negocis gastron\u00f2mics de la ciutat. A banda d\u2019aquest conveni, el Gremi ha arribat a un acord amb Badalona Capa\u00e7 perqu\u00e8 algunes persones que donin servei a l\u2019espai de restauraci\u00f3 del Gorg siguin persones d\u2019aquesta entitat, col\u00b7laborant aix\u00ed en la seva incorporaci\u00f3 al mercat laboral. &nbsp;<\/p>\n\n\n\n<p>La presentaci\u00f3 del conveni entre l\u2019acb i el Gremi d\u2019Hostaleria i Turisme del Barcelon\u00e8s Nord i Maresme Sud s\u2019ha fet aquest dimarts a la sala de premsa de l\u2019edifici El Viver en un acte que ha comptat amb la pres\u00e8ncia del primer tinent d&#8217;alcaldia i regidor de l&#8217;\u00c0mbit d&#8217;Impuls de Ciutat i Reconstrucci\u00f3 COVID, \u00c0lex Montorn\u00e8s; la presidenta del Gremi d&#8217;Hostaleria i Turisme del Barcelon\u00e8s Nord i Maresme Sud, N\u00faria Garriga; i Antonio Mart\u00ednez Donate, vicepresident de Badalona Capa\u00e7.&nbsp;<\/p>\n\n\n\n<p>El regidor \u00c0lex Montorn\u00e8s ha explicat que \u201cdes de la designaci\u00f3 de Badalona com a seu de la Copa del Rei hem treballat per promocionar la ciutat, atraure visitants i, especialment, potenciar i donar protagonisme a tots els atractius de la ciutat, que s\u00f3n molts\u201d. \u201cEl conveni que presentem avui \u00e9s una mostra d\u2019aquesta feina i serveix per reservar un espai destacat a la restauraci\u00f3 de Badalona, que \u00e9s un actiu imprescindible i una refer\u00e8ncia en aquest sector\u201d, ha assegurat Montorn\u00e8s. El regidor ha destacat que \u201camb aquest espai gastron\u00f2mic aconseguim un doble objectiu: garantim que el retorn econ\u00f2mic de l\u2019oferta de restauraci\u00f3 es queda a la ciutat i afavorim la inclusi\u00f3 sociolaboral de les persones en el marc d\u2019un esdeveniment esportiu de gran magnitud\u201d. &nbsp;<\/p>\n","protected":false},"excerpt":{"rendered":"<p>Entre dijous 16 i diumenge 19 de febrer, coincidint amb la celebraci\u00f3 de la Copa del Rei de b\u00e0squet a Badalona, s\u2019instal\u00b7lar\u00e0 a la Fan Zone del Gorg un espai de 500 m\u00b2 exclusivament destinat a promocionar la restauraci\u00f3 local. En aquesta mostra gastron\u00f2mica s\u2019oferiran menjars, postres, begudes i caf\u00e8s per presentar als assistents un [&hellip;]<\/p>\n","protected":false},"author":2,"featured_media":4805,"comment_status":"open","ping_status":"open","sticky":false,"template":"","format":"standard","meta":{"footnotes":""},"categories":[23,26],"tags":[],"class_list":{"0":"post-4804","1":"post","2":"type-post","3":"status-publish","4":"format-standard","5":"has-post-thumbnail","7":"category-actualitat","8":"category-esports"},"_links":{"self":[{"href":"https:\/\/areabadalona.com\/diario\/wp-json\/wp\/v2\/posts\/4804","targetHints":{"allow":["GET"]}}],"collection":[{"href":"https:\/\/areabadalona.com\/diario\/wp-json\/wp\/v2\/posts"}],"about":[{"href":"https:\/\/areabadalona.com\/diario\/wp-json\/wp\/v2\/types\/post"}],"author":[{"embeddable":true,"href":"https:\/\/areabadalona.com\/diario\/wp-json\/wp\/v2\/users\/2"}],"replies":[{"embeddable":true,"href":"https:\/\/areabadalona.com\/diario\/wp-json\/wp\/v2\/comments?post=4804"}],"version-history":[{"count":1,"href":"https:\/\/areabadalona.com\/diario\/wp-json\/wp\/v2\/posts\/4804\/revisions"}],"predecessor-version":[{"id":4806,"href":"https:\/\/areabadalona.com\/diario\/wp-json\/wp\/v2\/posts\/4804\/revisions\/4806"}],"wp:featuredmedia":[{"embeddable":true,"href":"https:\/\/areabadalona.com\/diario\/wp-json\/wp\/v2\/media\/4805"}],"wp:attachment":[{"href":"https:\/\/areabadalona.com\/diario\/wp-json\/wp\/v2\/media?parent=4804"}],"wp:term":[{"taxonomy":"category","embeddable":true,"href":"https:\/\/areabadalona.com\/diario\/wp-json\/wp\/v2\/categories?post=4804"},{"taxonomy":"post_tag","embeddable":true,"href":"https:\/\/areabadalona.com\/diario\/wp-json\/wp\/v2\/tags?post=4804"}],"curies":[{"name":"wp","href":"https:\/\/api.w.org\/{rel}","templated":true}]}}