{"id":4800,"date":"2023-02-14T09:47:29","date_gmt":"2023-02-14T09:47:29","guid":{"rendered":"https:\/\/areabadalona.com\/diario\/?p=4800"},"modified":"2023-02-15T09:48:30","modified_gmt":"2023-02-15T09:48:30","slug":"sediten-10-000-fullets-amb-la-informacio-mes-destacada-de-la-copa-del-rei-badalona-2023","status":"publish","type":"post","link":"https:\/\/areabadalona.com\/diario\/2023\/02\/14\/sediten-10-000-fullets-amb-la-informacio-mes-destacada-de-la-copa-del-rei-badalona-2023\/","title":{"rendered":"S\u2019editen 10.000 fullets amb la informaci\u00f3 m\u00e9s destacada de la Copa del Rei Badalona 2023\u00a0"},"content":{"rendered":"\n<p>L\u2019Ajuntament de Badalona ha editat 10.000 fullets on es recull la informaci\u00f3 m\u00e9s destacada de la Copa del Rei Badalona 2023. Aquests fullets s\u2019entregaran als visitants que passin pels punts d\u2019informaci\u00f3 situats a les Fan Zones i tamb\u00e9 per l\u2019Oficina de Turisme de Badalona ubicada al Centre Cultural El Carme. Tamb\u00e9 es lliuraran des de l\u2019estand habilitat especialment a la Terminal 1 de l\u2019Aeroport Josep Tarradellas Barcelona \u2013 El Prat per informar als visitants que arriben aquesta setmana per presenciar la Copa del Rei.&nbsp;<\/p>\n\n\n\n<p>Es tracta d\u2019un fullet de mida A3 que inclou un pl\u00e0nol on d\u2019una forma molt gr\u00e0fica es mostra la ubicaci\u00f3 del Palau Municipal d\u2019Esports on es jugaran els partits de la Copa del Reis i tamb\u00e9 del Poliesportiu de Llefi\u00e0 on es disputar\u00e0 la Minicopa Endesa. Tamb\u00e9 s\u2019assenyalen altres espais on es desenvoluparan activitats destacades de caire cultural, esportiu i l\u00fadic com s\u00f3n les Fan Zones; els punts d\u2019inter\u00e8s tur\u00edstic, els aparcaments recomanats i les zones comercials. A m\u00e9s, recull la informaci\u00f3 de com arribar a Badalona i els serveis especials del bus gratu\u00eft que connectar\u00e0 les diverses \u00e0rees.\u00a0<\/p>\n\n\n\n<div><a href=\"https:\/\/areabadalona.com\/diario\/wp-content\/uploads\/2023\/02\/Mapa-i-Info-mes-destacada-Copa-del-Rei-23-a-Badalona-1-1-1024x730.jpg\" class=\"td-modal-image\"><figure class=\"wp-block-image size-large\"><img loading=\"lazy\" decoding=\"async\" width=\"1024\" height=\"730\" src=\"https:\/\/areabadalona.com\/diario\/wp-content\/uploads\/2023\/02\/Mapa-i-Info-mes-destacada-Copa-del-Rei-23-a-Badalona-1-1-1024x730.jpg\" alt=\"\" class=\"wp-image-4801\" srcset=\"https:\/\/areabadalona.com\/diario\/wp-content\/uploads\/2023\/02\/Mapa-i-Info-mes-destacada-Copa-del-Rei-23-a-Badalona-1-1-1024x730.jpg 1024w, https:\/\/areabadalona.com\/diario\/wp-content\/uploads\/2023\/02\/Mapa-i-Info-mes-destacada-Copa-del-Rei-23-a-Badalona-1-1-300x214.jpg 300w, https:\/\/areabadalona.com\/diario\/wp-content\/uploads\/2023\/02\/Mapa-i-Info-mes-destacada-Copa-del-Rei-23-a-Badalona-1-1-768x547.jpg 768w, https:\/\/areabadalona.com\/diario\/wp-content\/uploads\/2023\/02\/Mapa-i-Info-mes-destacada-Copa-del-Rei-23-a-Badalona-1-1-150x107.jpg 150w, https:\/\/areabadalona.com\/diario\/wp-content\/uploads\/2023\/02\/Mapa-i-Info-mes-destacada-Copa-del-Rei-23-a-Badalona-1-1-696x496.jpg 696w, https:\/\/areabadalona.com\/diario\/wp-content\/uploads\/2023\/02\/Mapa-i-Info-mes-destacada-Copa-del-Rei-23-a-Badalona-1-1-1068x761.jpg 1068w, https:\/\/areabadalona.com\/diario\/wp-content\/uploads\/2023\/02\/Mapa-i-Info-mes-destacada-Copa-del-Rei-23-a-Badalona-1-1.jpg 1200w\" sizes=\"auto, (max-width: 1024px) 100vw, 1024px\" \/><\/figure><\/a><\/div>\n\n\n\n<p>Aquest fullet inclou els horaris dels partits de la Copa del Rei i de la Minicopa Endesa i tamb\u00e9 els horaris de funcionament de totes les Fan Zones del 15 al 19 de febrer: Gorg, Llefi\u00e0, Centre i Montigal\u00e0; i tamb\u00e9 de La Nit de la Copa que tindr\u00e0 lloc la nit de divendres a dissabte, de 23.30 a 4 hores.&nbsp;<\/p>\n\n\n\n<p><strong>Estem de Copa! &#8211; Vinils per als establiments comercials&nbsp;<\/strong><\/p>\n\n\n\n<p>Des d\u2019aquest dimarts 14 de febrer, a l\u2019edifici municipal El Viver s\u2019estan lliurant uns vinils perqu\u00e8 els establiments comercials i de restauraci\u00f3 puguin col\u00b7locar-los de forma visible als seus aparadors amb l\u2019esl\u00f2gan Estem de Copa!. Aquests vinils, que tenen una mida de 70 x 15 cm, els poden recollir els establiments que hagin decorat els seus aparadors i que hagin ambientat els seus locals amb objectes i elements relacionats amb la Copa del Rei.&nbsp;<\/p>\n\n\n\n<p>Els vinils es poden passar a recollir per l\u2019edifici El Viver sense cita pr\u00e8via fins a exhaurir els exemplars disponibles.&nbsp;<\/p>\n","protected":false},"excerpt":{"rendered":"<p>L\u2019Ajuntament de Badalona ha editat 10.000 fullets on es recull la informaci\u00f3 m\u00e9s destacada de la Copa del Rei Badalona 2023. Aquests fullets s\u2019entregaran als visitants que passin pels punts d\u2019informaci\u00f3 situats a les Fan Zones i tamb\u00e9 per l\u2019Oficina de Turisme de Badalona ubicada al Centre Cultural El Carme. Tamb\u00e9 es lliuraran des de [&hellip;]<\/p>\n","protected":false},"author":2,"featured_media":4802,"comment_status":"open","ping_status":"open","sticky":false,"template":"","format":"standard","meta":{"footnotes":""},"categories":[26],"tags":[],"class_list":{"0":"post-4800","1":"post","2":"type-post","3":"status-publish","4":"format-standard","5":"has-post-thumbnail","7":"category-esports"},"_links":{"self":[{"href":"https:\/\/areabadalona.com\/diario\/wp-json\/wp\/v2\/posts\/4800","targetHints":{"allow":["GET"]}}],"collection":[{"href":"https:\/\/areabadalona.com\/diario\/wp-json\/wp\/v2\/posts"}],"about":[{"href":"https:\/\/areabadalona.com\/diario\/wp-json\/wp\/v2\/types\/post"}],"author":[{"embeddable":true,"href":"https:\/\/areabadalona.com\/diario\/wp-json\/wp\/v2\/users\/2"}],"replies":[{"embeddable":true,"href":"https:\/\/areabadalona.com\/diario\/wp-json\/wp\/v2\/comments?post=4800"}],"version-history":[{"count":1,"href":"https:\/\/areabadalona.com\/diario\/wp-json\/wp\/v2\/posts\/4800\/revisions"}],"predecessor-version":[{"id":4803,"href":"https:\/\/areabadalona.com\/diario\/wp-json\/wp\/v2\/posts\/4800\/revisions\/4803"}],"wp:featuredmedia":[{"embeddable":true,"href":"https:\/\/areabadalona.com\/diario\/wp-json\/wp\/v2\/media\/4802"}],"wp:attachment":[{"href":"https:\/\/areabadalona.com\/diario\/wp-json\/wp\/v2\/media?parent=4800"}],"wp:term":[{"taxonomy":"category","embeddable":true,"href":"https:\/\/areabadalona.com\/diario\/wp-json\/wp\/v2\/categories?post=4800"},{"taxonomy":"post_tag","embeddable":true,"href":"https:\/\/areabadalona.com\/diario\/wp-json\/wp\/v2\/tags?post=4800"}],"curies":[{"name":"wp","href":"https:\/\/api.w.org\/{rel}","templated":true}]}}