{"id":4791,"date":"2023-02-13T10:16:23","date_gmt":"2023-02-13T10:16:23","guid":{"rendered":"https:\/\/areabadalona.com\/diario\/?p=4791"},"modified":"2023-02-14T10:17:05","modified_gmt":"2023-02-14T10:17:05","slug":"reobre-al-public-la-biblioteca-central-urbana-can-casacuberta-de-badalona","status":"publish","type":"post","link":"https:\/\/areabadalona.com\/diario\/2023\/02\/13\/reobre-al-public-la-biblioteca-central-urbana-can-casacuberta-de-badalona\/","title":{"rendered":"Reobre al p\u00fablic la Biblioteca Central Urbana Can Casacuberta de Badalona\u00a0"},"content":{"rendered":"\n<p>Aquest mat\u00ed ha tornat a reobrir a tots els usuaris la Biblioteca Central Urbana Can Casacuberta despr\u00e9s que s\u2019hagin corregit totes les defici\u00e8ncies que havien obligat al seu tancament des del desembre del 2019. El seu horari d\u2019obertura \u00e9s de 9.30 a 20.30 hores, de dilluns a divendres, i els dissabtes, de 9.30 a 13.30 hores.&nbsp;<\/p>\n\n\n\n<p>La reobertura d\u2019aquest equipament, situat al carrer de Moss\u00e8n Anton Romeu 48, del barri del Centre, es fa a un 80% del total del seu espai, at\u00e8s que encara no inclou la sala infantil, que entrar\u00e0 en funcionament quan finalitzin les tasques d\u2019adequaci\u00f3 de l\u2019espai a la normativa d\u2019evacuaci\u00f3 i seguretat que es troben ja licitades i en fase d\u2019adjudicaci\u00f3. Mentrestant aquest servei es continuar\u00e0 prestant de forma provisional a la Sala Josep Ucl\u00e9s del Centre Cultural el Carme (carrer de Francesc Layret, 78), on es porta a terme la programaci\u00f3 d\u2019activitats infantils, servei de pr\u00e9stec i sala de lectura.&nbsp;<\/p>\n\n\n\n<p>La reobertura de la Biblioteca Central Urbana Can Casacuberta ha estat possible despr\u00e9s de portar a terme actuacions com ara la instal\u00b7laci\u00f3 d\u2019una nova caldera i aparell de climatitzaci\u00f3; augment dels endolls i m\u00e9s il\u00b7luminaci\u00f3; millores de l\u2019accessibilitat amb un nou ascensor d\u2019acc\u00e9s a la primera planta; millores decoratives de l\u2019entorn amb un nou mosaic a la font i la instal\u00b7laci\u00f3 de verd interior; l\u2019ampliaci\u00f3 del fons bibliogr\u00e0fic i un nou espai destacat per al fons local amb la creaci\u00f3 d\u2019un mural de l\u2019artista local conegut art\u00edsticament com a Spogo, el proc\u00e9s del qual t\u00e9 una durada d&#8217;uns cinc dies i es podr\u00e0 seguir en directe (de 10 a 13 hores i de 16 a 18 hores).&nbsp;<\/p>\n\n\n\n<p><strong>Nou servei d\u2019autopr\u00e9stec&nbsp;<\/strong><\/p>\n\n\n\n<p>D\u2019altra banda, cal destacar la novetat del servei d\u2019autopr\u00e9stec, una eina que modernitza i agilitza aquest servei ja que s\u00f3n els usuaris els que poden fer la gesti\u00f3 a trav\u00e9s de les m\u00e0quines destinades a aquest \u00fas. &nbsp;<\/p>\n\n\n\n<p>Els treballs per a la millora de l\u2019equipament encara no han finalitzat, tot i que s\u00f3n compatibles amb la reobertura al p\u00fablic. Aix\u00ed, per exemple s\u2019est\u00e0 reparant la reparaci\u00f3 de la coberta per evitar filtracions; la renovaci\u00f3 del mobiliari de la biblioteca i la ja esmentada adequaci\u00f3 de la sala infantil. L\u2019equipament ha reobert amb una plantilla de m\u00e9s de 20 persones i un fons bibliogr\u00e0fic de m\u00e9s de 30.000 exemplars.&nbsp;<\/p>\n\n\n\n<p>La regidora de Cultura i Mobilitat, Anna Maria Lara, ha manifestat: \u201cl&#8217;obertura de la biblioteca Can Casacuberta era un dels objectius principals del nostre mandat. Hi ha hagut molts obstacles, per\u00f2 gr\u00e0cies al treball incansable dels t\u00e8cnics i d&#8217;aquest Govern hem pogut obrir a tota la ciutadania un equipament que \u00e9s essencial en la cohesi\u00f3 social de la ciutat\u00bb. No obstant aix\u00f2, la regidora ha afegit: \u00abla manca de manteniment dels equipaments fa que no estigui en un estat \u00f2ptim. Aix\u00f2 no acaba aqu\u00ed. Aquesta regidoria continuar\u00e0 treballant per assegurar la m\u00e0xima qualitat en tota la xarxa municipal de biblioteques\u00bb.&nbsp;<\/p>\n","protected":false},"excerpt":{"rendered":"<p>Aquest mat\u00ed ha tornat a reobrir a tots els usuaris la Biblioteca Central Urbana Can Casacuberta despr\u00e9s que s\u2019hagin corregit totes les defici\u00e8ncies que havien obligat al seu tancament des del desembre del 2019. El seu horari d\u2019obertura \u00e9s de 9.30 a 20.30 hores, de dilluns a divendres, i els dissabtes, de 9.30 a 13.30 [&hellip;]<\/p>\n","protected":false},"author":2,"featured_media":4792,"comment_status":"open","ping_status":"open","sticky":false,"template":"","format":"standard","meta":{"footnotes":""},"categories":[23],"tags":[],"class_list":{"0":"post-4791","1":"post","2":"type-post","3":"status-publish","4":"format-standard","5":"has-post-thumbnail","7":"category-actualitat"},"_links":{"self":[{"href":"https:\/\/areabadalona.com\/diario\/wp-json\/wp\/v2\/posts\/4791","targetHints":{"allow":["GET"]}}],"collection":[{"href":"https:\/\/areabadalona.com\/diario\/wp-json\/wp\/v2\/posts"}],"about":[{"href":"https:\/\/areabadalona.com\/diario\/wp-json\/wp\/v2\/types\/post"}],"author":[{"embeddable":true,"href":"https:\/\/areabadalona.com\/diario\/wp-json\/wp\/v2\/users\/2"}],"replies":[{"embeddable":true,"href":"https:\/\/areabadalona.com\/diario\/wp-json\/wp\/v2\/comments?post=4791"}],"version-history":[{"count":1,"href":"https:\/\/areabadalona.com\/diario\/wp-json\/wp\/v2\/posts\/4791\/revisions"}],"predecessor-version":[{"id":4793,"href":"https:\/\/areabadalona.com\/diario\/wp-json\/wp\/v2\/posts\/4791\/revisions\/4793"}],"wp:featuredmedia":[{"embeddable":true,"href":"https:\/\/areabadalona.com\/diario\/wp-json\/wp\/v2\/media\/4792"}],"wp:attachment":[{"href":"https:\/\/areabadalona.com\/diario\/wp-json\/wp\/v2\/media?parent=4791"}],"wp:term":[{"taxonomy":"category","embeddable":true,"href":"https:\/\/areabadalona.com\/diario\/wp-json\/wp\/v2\/categories?post=4791"},{"taxonomy":"post_tag","embeddable":true,"href":"https:\/\/areabadalona.com\/diario\/wp-json\/wp\/v2\/tags?post=4791"}],"curies":[{"name":"wp","href":"https:\/\/api.w.org\/{rel}","templated":true}]}}