{"id":4788,"date":"2023-02-10T12:09:48","date_gmt":"2023-02-10T12:09:48","guid":{"rendered":"https:\/\/areabadalona.com\/diario\/?p=4788"},"modified":"2023-02-13T12:10:34","modified_gmt":"2023-02-13T12:10:34","slug":"la-nit-de-la-copa-omplira-de-musica-i-animacio-el-poligon-de-can-ribo","status":"publish","type":"post","link":"https:\/\/areabadalona.com\/diario\/2023\/02\/10\/la-nit-de-la-copa-omplira-de-musica-i-animacio-el-poligon-de-can-ribo\/","title":{"rendered":"La Nit de la Copa omplir\u00e0 de m\u00fasica i animaci\u00f3 el pol\u00edgon de Can Rib\u00f3 \u00a0"},"content":{"rendered":"\n<p>L&#8217;Ajuntament de Badalona organitza el pr\u00f2xim divendres 17 de febrer La Nit de la Copa, una gran festa que es dur\u00e0 a terme la nit del divendres al dissabte (des de les 23.30 fins a les 4 hores) al pol\u00edgon de Can Rib\u00f3, on estan situades les principals discoteques de la ciutat. L\u2019esdeveniment, que s\u2019emmarca en la celebraci\u00f3 de la Copa del Rei de b\u00e0squet a la ciutat, comptar\u00e0 amb concerts en directe, m\u00fasics i discj\u00f2queis de primer nivell, animaci\u00f3, parades de menjar, servei de Punt Lila i diversos espectacles participatius. Totes les persones que vulguin assistir disposaran de transport gratu\u00eft en autob\u00fas des del Palau Municipal d\u2019Esports, on s\u2019hauran disputat dos dels partits de quarts de final de la competici\u00f3.&nbsp;<\/p>\n\n\n\n<p>Durant les quatre hores de festa, els assistents a La Nit de la Copa podran triar entre les diferents propostes que es faran simult\u00e0niament en dos escenaris. En aquests dos punts actuaran els grups Habla de m\u00ed en presente, Always Drinking Marching Band (ADMB) i Banda Ne\u00f3n i oferiran les seves sessions els discj\u00f2queis DJ Disfounders i DJ N\u00e0tura. Durant la nit tamb\u00e9 es podr\u00e0 gaudir del xou de la violinista electr\u00f2nica N\u00faria Garcia; el concert participatiu de De Mortimers Live Karaoke; i les improvisacions i <em>performances<\/em> de&nbsp; Pulpo Sneakers, Sisc Artist, Freestyle Allstyle i Vinyet Fire Show.&nbsp;<\/p>\n\n\n\n<p>L\u2019horari de La Nit de la Copa \u00e9s el seg\u00fcent:&nbsp;<\/p>\n\n\n\n<p><strong><u>Escenari 1&nbsp;<\/u><\/strong><\/p>\n\n\n\n<p>23.30 h \u2013 DJ N\u00e0tura&nbsp;<\/p>\n\n\n\n<p>0 h \u2013 &nbsp;N\u00faria Garcia Melodic Electronic&nbsp;<\/p>\n\n\n\n<p>0.15 h \u2013 Habla de m\u00ed en presente&nbsp;<\/p>\n\n\n\n<p>1.15 h \u2013 DJ N\u00e0tura \/\/ ADMB (davant l\u2019escenari 1)&nbsp;<\/p>\n\n\n\n<p>1.30 h \u2013 Live Karaoke De Mortimers&nbsp;<\/p>\n\n\n\n<p>2.30 h \u2013 DJ N\u00e0tura&nbsp;<\/p>\n\n\n\n<p>3 h \u2013 Banda Ne\u00f3n &nbsp;<\/p>\n\n\n\n<p><strong><u>Escenari 2&nbsp;<\/u><\/strong><\/p>\n\n\n\n<p>23.30 h \u2013 DJ Disfounders&nbsp;<\/p>\n\n\n\n<p>0 h \u2013 Pulpo Sneakers&nbsp;<\/p>\n\n\n\n<p>0.15 h \u2013 Pulpo Sneakers &amp; Sisc Artist&nbsp;<\/p>\n\n\n\n<p>1.15 h \u2013 Always Drinking Marching Band (davant l\u2019escenari 2)&nbsp;<\/p>\n\n\n\n<p>1.30 h \u2013 DJ Disfounders&nbsp;<\/p>\n\n\n\n<p>2.30 h \u2013 Freestyle Allstyle \/\/ Vinyet Fire Show&nbsp;<\/p>\n\n\n\n<p>3 h \u2013 DJ Disfounders&nbsp;<\/p>\n","protected":false},"excerpt":{"rendered":"<p>L&#8217;Ajuntament de Badalona organitza el pr\u00f2xim divendres 17 de febrer La Nit de la Copa, una gran festa que es dur\u00e0 a terme la nit del divendres al dissabte (des de les 23.30 fins a les 4 hores) al pol\u00edgon de Can Rib\u00f3, on estan situades les principals discoteques de la ciutat. L\u2019esdeveniment, que s\u2019emmarca [&hellip;]<\/p>\n","protected":false},"author":2,"featured_media":4789,"comment_status":"open","ping_status":"open","sticky":false,"template":"","format":"standard","meta":{"footnotes":""},"categories":[26],"tags":[],"class_list":{"0":"post-4788","1":"post","2":"type-post","3":"status-publish","4":"format-standard","5":"has-post-thumbnail","7":"category-esports"},"_links":{"self":[{"href":"https:\/\/areabadalona.com\/diario\/wp-json\/wp\/v2\/posts\/4788","targetHints":{"allow":["GET"]}}],"collection":[{"href":"https:\/\/areabadalona.com\/diario\/wp-json\/wp\/v2\/posts"}],"about":[{"href":"https:\/\/areabadalona.com\/diario\/wp-json\/wp\/v2\/types\/post"}],"author":[{"embeddable":true,"href":"https:\/\/areabadalona.com\/diario\/wp-json\/wp\/v2\/users\/2"}],"replies":[{"embeddable":true,"href":"https:\/\/areabadalona.com\/diario\/wp-json\/wp\/v2\/comments?post=4788"}],"version-history":[{"count":1,"href":"https:\/\/areabadalona.com\/diario\/wp-json\/wp\/v2\/posts\/4788\/revisions"}],"predecessor-version":[{"id":4790,"href":"https:\/\/areabadalona.com\/diario\/wp-json\/wp\/v2\/posts\/4788\/revisions\/4790"}],"wp:featuredmedia":[{"embeddable":true,"href":"https:\/\/areabadalona.com\/diario\/wp-json\/wp\/v2\/media\/4789"}],"wp:attachment":[{"href":"https:\/\/areabadalona.com\/diario\/wp-json\/wp\/v2\/media?parent=4788"}],"wp:term":[{"taxonomy":"category","embeddable":true,"href":"https:\/\/areabadalona.com\/diario\/wp-json\/wp\/v2\/categories?post=4788"},{"taxonomy":"post_tag","embeddable":true,"href":"https:\/\/areabadalona.com\/diario\/wp-json\/wp\/v2\/tags?post=4788"}],"curies":[{"name":"wp","href":"https:\/\/api.w.org\/{rel}","templated":true}]}}