{"id":4784,"date":"2023-02-09T12:34:32","date_gmt":"2023-02-09T12:34:32","guid":{"rendered":"https:\/\/areabadalona.com\/diario\/?p=4784"},"modified":"2023-02-09T12:34:32","modified_gmt":"2023-02-09T12:34:32","slug":"aquest-mes-de-febrer-es-portaran-a-terme-les-tasques-de-buidatge-i-neteja-del-llac-romantic-del-parc-de-can-solei-i-de-ca-larnus","status":"publish","type":"post","link":"https:\/\/areabadalona.com\/diario\/2023\/02\/09\/aquest-mes-de-febrer-es-portaran-a-terme-les-tasques-de-buidatge-i-neteja-del-llac-romantic-del-parc-de-can-solei-i-de-ca-larnus\/","title":{"rendered":"Aquest mes de febrer es portaran a terme les tasques de buidatge i neteja del llac rom\u00e0ntic del parc de Can Solei i de Ca l\u2019Arn\u00fas\u00a0"},"content":{"rendered":"\n<p>L\u2019Ajuntament de Badalona i l\u2019\u00c0rea Metropolitana de Barcelona (AMB) han programat per aquest mes de febrer les tasques de buidatge i neteja del llac rom\u00e0ntic situat al parc de Can Solei i de Ca l\u2019Arn\u00fas. Els treballs els portar\u00e0 a terme l\u2019AMB que \u00e9s l\u2019administraci\u00f3 que t\u00e9 encarregada la gesti\u00f3 i el manteniment del parc.&nbsp;<\/p>\n\n\n\n<p>L&#8217;\u00faltima neteja que es va realitzar en aquest llac rom\u00e0ntic, h\u00e0bitat de diversos peixos i amfibis, es va dur a terme al desembre el 2018. Les inspeccions que es realitzen peri\u00f2dicament aconsellen portar a terme el buidatge i la neteja del llac at\u00e8s que s\u2019ha detectat una alta concentraci\u00f3 de sediments que pot dificultar les condicions de vida per a la fauna del llac&nbsp;<\/p>\n\n\n\n<p>Els treballs que comportaran el buidatge, la neteja i el reomplir el llac estan previstos que comencin a partir del dilluns 13 de febrer. Aix\u00ed mateix, l\u2019aigua del buidatge ser\u00e0 reaprofitada per al reg del parc, i els seus 3.800 m\u00b3 de volum seran reomplerts, un cop finalitzades les tasques de condicionament, mitjan\u00e7ant aig\u00fces fre\u00e0tiques.&nbsp;<\/p>\n\n\n\n<p>Pel que fa a la fauna existent al llac ser\u00e0 capturada i reservada durant el temps que duri la neteja del llac. Una vegada finalitzats els treballs es tornar\u00e0 a deixar de nou en el seu mitj\u00e0 aqu\u00e0tic natural. En cas de trobar esp\u00e8cies ex\u00f2tiques, aquestes seran traslladades a la Fundaci\u00f3 per a la Conservaci\u00f3 i Recuperaci\u00f3 d&#8217;Animals Marins (CRAM). La data triada per a la realitzaci\u00f3 dels treballs \u00e9s l&#8217;aconsellada pels experts per a no interferir en el cicle reproductiu de la fauna. L&#8217;acci\u00f3 tamb\u00e9 ha estat validada i autoritzada per l\u2019Ag\u00e8ncia Catalana de l\u2019Aigua, tal i com s\u2019estableix al decret de Sequera vigent.&nbsp;<\/p>\n\n\n\n<p>La durada total dels treballs es preveu que sigui d&#8217;uns 15 dies. L\u2019actuaci\u00f3 es fa sobre una superf\u00edcie del llac de 2.072 m\u00b2, 3.800 m\u00b3 d\u2019aigua i 1,25 metres de fond\u00e0ria. Durant els treballs, i com a mesura de seguretat, \u00e9s possible que es puguin restringir o tancar al p\u00fablic els accessos al llac.&nbsp;<\/p>\n","protected":false},"excerpt":{"rendered":"<p>L\u2019Ajuntament de Badalona i l\u2019\u00c0rea Metropolitana de Barcelona (AMB) han programat per aquest mes de febrer les tasques de buidatge i neteja del llac rom\u00e0ntic situat al parc de Can Solei i de Ca l\u2019Arn\u00fas. Els treballs els portar\u00e0 a terme l\u2019AMB que \u00e9s l\u2019administraci\u00f3 que t\u00e9 encarregada la gesti\u00f3 i el manteniment del parc.&nbsp; [&hellip;]<\/p>\n","protected":false},"author":2,"featured_media":4785,"comment_status":"open","ping_status":"open","sticky":false,"template":"","format":"standard","meta":{"footnotes":""},"categories":[23],"tags":[],"class_list":{"0":"post-4784","1":"post","2":"type-post","3":"status-publish","4":"format-standard","5":"has-post-thumbnail","7":"category-actualitat"},"_links":{"self":[{"href":"https:\/\/areabadalona.com\/diario\/wp-json\/wp\/v2\/posts\/4784","targetHints":{"allow":["GET"]}}],"collection":[{"href":"https:\/\/areabadalona.com\/diario\/wp-json\/wp\/v2\/posts"}],"about":[{"href":"https:\/\/areabadalona.com\/diario\/wp-json\/wp\/v2\/types\/post"}],"author":[{"embeddable":true,"href":"https:\/\/areabadalona.com\/diario\/wp-json\/wp\/v2\/users\/2"}],"replies":[{"embeddable":true,"href":"https:\/\/areabadalona.com\/diario\/wp-json\/wp\/v2\/comments?post=4784"}],"version-history":[{"count":1,"href":"https:\/\/areabadalona.com\/diario\/wp-json\/wp\/v2\/posts\/4784\/revisions"}],"predecessor-version":[{"id":4786,"href":"https:\/\/areabadalona.com\/diario\/wp-json\/wp\/v2\/posts\/4784\/revisions\/4786"}],"wp:featuredmedia":[{"embeddable":true,"href":"https:\/\/areabadalona.com\/diario\/wp-json\/wp\/v2\/media\/4785"}],"wp:attachment":[{"href":"https:\/\/areabadalona.com\/diario\/wp-json\/wp\/v2\/media?parent=4784"}],"wp:term":[{"taxonomy":"category","embeddable":true,"href":"https:\/\/areabadalona.com\/diario\/wp-json\/wp\/v2\/categories?post=4784"},{"taxonomy":"post_tag","embeddable":true,"href":"https:\/\/areabadalona.com\/diario\/wp-json\/wp\/v2\/tags?post=4784"}],"curies":[{"name":"wp","href":"https:\/\/api.w.org\/{rel}","templated":true}]}}