{"id":4781,"date":"2023-02-09T11:33:32","date_gmt":"2023-02-09T11:33:32","guid":{"rendered":"https:\/\/areabadalona.com\/diario\/?p=4781"},"modified":"2023-02-09T11:33:33","modified_gmt":"2023-02-09T11:33:33","slug":"el-museu-de-badalona-acull-una-conferencia-per-promoure-la-salut-mental-en-ladolescencia","status":"publish","type":"post","link":"https:\/\/areabadalona.com\/diario\/2023\/02\/09\/el-museu-de-badalona-acull-una-conferencia-per-promoure-la-salut-mental-en-ladolescencia\/","title":{"rendered":"El Museu de Badalona acull una confer\u00e8ncia per promoure la salut mental en l\u2019adolesc\u00e8ncia"},"content":{"rendered":"\n<p>El pr\u00f2xim dimecres 15 de febrer a les 18 hores, el Museu de Badalona acollir\u00e0 la confer\u00e8ncia \u00abCom promoure i acompanyar la salut mental en l&#8217;adolesc\u00e8ncia\u00bb. La xerrada anir\u00e0 a c\u00e0rrec del psic\u00f2leg, educador i periodista Jaume Funes i s\u2019emmarca en el Programa de Formaci\u00f3 per a Fam\u00edlies del Servei d&#8217;Educaci\u00f3 de l&#8217;Ajuntament de Badalona.&nbsp; L\u2019acte \u00e9s obert a totes les persones de la ciutat interessades en aquest tema.&nbsp;<\/p>\n\n\n\n<p>En els darrers anys s\u2019ha posat en relleu la import\u00e0ncia de la salut mental i emocional dels infants i joves, especialment, en el moment de l\u2019adolesc\u00e8ncia. Les mares i pares, s\u00f3n habitualment conscients dels riscos associats i \u00e9s un aspecte que els preocupa, per\u00f2 que en moltes ocasions no saben com abordar-lo per manca de coneixements i eines.&nbsp; \u00c9s per aix\u00f2 que en aquesta confer\u00e8ncia s\u2019explicar\u00e0 com promoure la salut mental dels infants i com acompanyar-los en aquest moment vital en el qual necessiten suport emocional i l\u2019estima de les persones m\u00e9s properes. &nbsp;<\/p>\n\n\n\n<p>La segona tinenta d&#8217;Alcaldia i regidora de l&#8217;\u00c0mbit d&#8217;Educaci\u00f3, Feminismes i LGTBIQ+, Ciutadania, Participaci\u00f3 i Agenda 2030, A\u00efda Llaurad\u00f3, ha animat el ve\u00efnat de Badalona a \u201cparticipar en aquesta activitat, que pot ajudar tothom a trobar recursos per tenir una millor comunicaci\u00f3 i saber donar suport als infants i joves\u201d. Llaurad\u00f3 ha detallat que \u201cdes de la regidoria d&#8217;Educaci\u00f3 estem preparant mesures i campanyes informatives destinades a infants i adolescents per tal de millorar la prevenci\u00f3 de la salut mental i promoure-la per conscienciar tant a la fam\u00edlia com a l&#8217;entorn escolar\u201d. &nbsp;<\/p>\n","protected":false},"excerpt":{"rendered":"<p>El pr\u00f2xim dimecres 15 de febrer a les 18 hores, el Museu de Badalona acollir\u00e0 la confer\u00e8ncia \u00abCom promoure i acompanyar la salut mental en l&#8217;adolesc\u00e8ncia\u00bb. La xerrada anir\u00e0 a c\u00e0rrec del psic\u00f2leg, educador i periodista Jaume Funes i s\u2019emmarca en el Programa de Formaci\u00f3 per a Fam\u00edlies del Servei d&#8217;Educaci\u00f3 de l&#8217;Ajuntament de Badalona.&nbsp; [&hellip;]<\/p>\n","protected":false},"author":2,"featured_media":4782,"comment_status":"open","ping_status":"open","sticky":false,"template":"","format":"standard","meta":{"footnotes":""},"categories":[23,24],"tags":[],"class_list":{"0":"post-4781","1":"post","2":"type-post","3":"status-publish","4":"format-standard","5":"has-post-thumbnail","7":"category-actualitat","8":"category-societat"},"_links":{"self":[{"href":"https:\/\/areabadalona.com\/diario\/wp-json\/wp\/v2\/posts\/4781","targetHints":{"allow":["GET"]}}],"collection":[{"href":"https:\/\/areabadalona.com\/diario\/wp-json\/wp\/v2\/posts"}],"about":[{"href":"https:\/\/areabadalona.com\/diario\/wp-json\/wp\/v2\/types\/post"}],"author":[{"embeddable":true,"href":"https:\/\/areabadalona.com\/diario\/wp-json\/wp\/v2\/users\/2"}],"replies":[{"embeddable":true,"href":"https:\/\/areabadalona.com\/diario\/wp-json\/wp\/v2\/comments?post=4781"}],"version-history":[{"count":1,"href":"https:\/\/areabadalona.com\/diario\/wp-json\/wp\/v2\/posts\/4781\/revisions"}],"predecessor-version":[{"id":4783,"href":"https:\/\/areabadalona.com\/diario\/wp-json\/wp\/v2\/posts\/4781\/revisions\/4783"}],"wp:featuredmedia":[{"embeddable":true,"href":"https:\/\/areabadalona.com\/diario\/wp-json\/wp\/v2\/media\/4782"}],"wp:attachment":[{"href":"https:\/\/areabadalona.com\/diario\/wp-json\/wp\/v2\/media?parent=4781"}],"wp:term":[{"taxonomy":"category","embeddable":true,"href":"https:\/\/areabadalona.com\/diario\/wp-json\/wp\/v2\/categories?post=4781"},{"taxonomy":"post_tag","embeddable":true,"href":"https:\/\/areabadalona.com\/diario\/wp-json\/wp\/v2\/tags?post=4781"}],"curies":[{"name":"wp","href":"https:\/\/api.w.org\/{rel}","templated":true}]}}