{"id":4778,"date":"2023-02-09T11:25:57","date_gmt":"2023-02-09T11:25:57","guid":{"rendered":"https:\/\/areabadalona.com\/diario\/?p=4778"},"modified":"2023-02-09T11:25:57","modified_gmt":"2023-02-09T11:25:57","slug":"lajuntament-de-badalona-col%c2%b7labora-amb-el-museu-de-ciencies-naturals-en-la-realitzacio-dun-estudi-sobre-lexpansio-de-la-cotorra-argentina","status":"publish","type":"post","link":"https:\/\/areabadalona.com\/diario\/2023\/02\/09\/lajuntament-de-badalona-col%c2%b7labora-amb-el-museu-de-ciencies-naturals-en-la-realitzacio-dun-estudi-sobre-lexpansio-de-la-cotorra-argentina\/","title":{"rendered":"L\u2019Ajuntament de Badalona col\u00b7labora amb el Museu de Ci\u00e8ncies Naturals en la realitzaci\u00f3 d\u2019un estudi sobre l\u2019expansi\u00f3 de la cotorra argentina\u00a0"},"content":{"rendered":"\n<p>El Museu de Ci\u00e8ncies Naturals de Barcelona realitzar\u00e0 durant aquest mes de febrer a diversos parcs de Badalona un estudi sobre la propagaci\u00f3 de la cotorra argentina,<em> <\/em><em>Myiopsitta monachus<\/em>. Aquesta tasca forma part del treball que est\u00e0 duent a terme el grup de recerca d&#8217;Ecologia Evolutiva del Museu de Ci\u00e8ncies Naturals de Barcelona en col\u00b7laboraci\u00f3 amb la Universitat de Sheffield (Anglaterra), en el marc de la tesi doctoral de Natalia Borray. L\u2019estudi pret\u00e9n reconstruir la hist\u00f2ria d&#8217;invasi\u00f3 de la cotorra a Catalunya i, a partir de dades d&#8217;ADN, determinar si hi ha hagut diverses colonitzacions independents. &nbsp;<\/p>\n\n\n\n<p>La investigaci\u00f3 permetr\u00e0 addicionalment saber si la morfologia i el comportament de les cotorres va canviant a mesura que s\u2019allunyen de la ciutat de Barcelona, el principal centre de dispersi\u00f3, ja que es creu que la capacitat invasora de l\u2019esp\u00e8cie va augmentant de generaci\u00f3 en generaci\u00f3 i a mesura que s\u2019allunya de la capital catalana. L\u2019estudi tamb\u00e9 servir\u00e0 per fer el seguiment del nombre d\u2019aus que formen la col\u00f2nia i per predir com anir\u00e0 evolucionant aquesta poblaci\u00f3.&nbsp;<\/p>\n\n\n\n<p>El seguiment es far\u00e0 a parcs de diferents municipis catalans prenent mostres de sang, mesurant i observat les aus. El mostreig es realitzar\u00e0 de nit. Una vegada obtingudes aquestes dades, les cotorres tornaran a ser posades en llibertat. En total es realitzar\u00e0 un mostreig en 30 exemplars.&nbsp;<\/p>\n\n\n\n<p>La cotorra argentina, nadiua de Sud Am\u00e8rica, ha enva\u00eft reeixidament diverses \u00e0rees en diferents parts del m\u00f3n. El primer registre d\u2019una cotorra lliure a Europa data de 1975 a Barcelona i des de llavors, la poblaci\u00f3 no ha parat de cr\u00e9ixer, tant en nombre d\u2019aus com en extensi\u00f3 de l\u2019\u00e0rea ocupada.&nbsp;<\/p>\n\n\n\n<p>La regidora de Medi Ambient, Sostenibilitat i Benestar Animal, Rosa Trenado, ha explicat que \u201cper a Badalona ser\u00e0 molt benefici\u00f3s participar en aquest estudi, ja que aportar\u00e0 dades que avui dia s\u00f3n desconegudes sobre aquesta esp\u00e8cie que en els \u00faltims anys ha crescut de manera desmesurada en el nostre municipi\u201d. La regidora ha remarcat que \u201cdes de l\u2019Ajuntament col\u00b7laborem amb el proc\u00e9s per verificar que es porta a terme tenint la m\u00e0xima cura i respectant el benestar animal\u201d&nbsp;<\/p>\n","protected":false},"excerpt":{"rendered":"<p>El Museu de Ci\u00e8ncies Naturals de Barcelona realitzar\u00e0 durant aquest mes de febrer a diversos parcs de Badalona un estudi sobre la propagaci\u00f3 de la cotorra argentina, Myiopsitta monachus. Aquesta tasca forma part del treball que est\u00e0 duent a terme el grup de recerca d&#8217;Ecologia Evolutiva del Museu de Ci\u00e8ncies Naturals de Barcelona en col\u00b7laboraci\u00f3 [&hellip;]<\/p>\n","protected":false},"author":2,"featured_media":4779,"comment_status":"open","ping_status":"open","sticky":false,"template":"","format":"standard","meta":{"footnotes":""},"categories":[23],"tags":[],"class_list":{"0":"post-4778","1":"post","2":"type-post","3":"status-publish","4":"format-standard","5":"has-post-thumbnail","7":"category-actualitat"},"_links":{"self":[{"href":"https:\/\/areabadalona.com\/diario\/wp-json\/wp\/v2\/posts\/4778","targetHints":{"allow":["GET"]}}],"collection":[{"href":"https:\/\/areabadalona.com\/diario\/wp-json\/wp\/v2\/posts"}],"about":[{"href":"https:\/\/areabadalona.com\/diario\/wp-json\/wp\/v2\/types\/post"}],"author":[{"embeddable":true,"href":"https:\/\/areabadalona.com\/diario\/wp-json\/wp\/v2\/users\/2"}],"replies":[{"embeddable":true,"href":"https:\/\/areabadalona.com\/diario\/wp-json\/wp\/v2\/comments?post=4778"}],"version-history":[{"count":1,"href":"https:\/\/areabadalona.com\/diario\/wp-json\/wp\/v2\/posts\/4778\/revisions"}],"predecessor-version":[{"id":4780,"href":"https:\/\/areabadalona.com\/diario\/wp-json\/wp\/v2\/posts\/4778\/revisions\/4780"}],"wp:featuredmedia":[{"embeddable":true,"href":"https:\/\/areabadalona.com\/diario\/wp-json\/wp\/v2\/media\/4779"}],"wp:attachment":[{"href":"https:\/\/areabadalona.com\/diario\/wp-json\/wp\/v2\/media?parent=4778"}],"wp:term":[{"taxonomy":"category","embeddable":true,"href":"https:\/\/areabadalona.com\/diario\/wp-json\/wp\/v2\/categories?post=4778"},{"taxonomy":"post_tag","embeddable":true,"href":"https:\/\/areabadalona.com\/diario\/wp-json\/wp\/v2\/tags?post=4778"}],"curies":[{"name":"wp","href":"https:\/\/api.w.org\/{rel}","templated":true}]}}