{"id":4775,"date":"2023-02-08T11:20:55","date_gmt":"2023-02-08T11:20:55","guid":{"rendered":"https:\/\/areabadalona.com\/diario\/?p=4775"},"modified":"2023-02-09T11:22:20","modified_gmt":"2023-02-09T11:22:20","slug":"badalona-acull-la-primera-copa-del-rei-amb-punts-liles","status":"publish","type":"post","link":"https:\/\/areabadalona.com\/diario\/2023\/02\/08\/badalona-acull-la-primera-copa-del-rei-amb-punts-liles\/","title":{"rendered":"Badalona acull la primera Copa del Rei amb Punts Liles"},"content":{"rendered":"\n<p>L\u2019Ajuntament de Badalona vol garantir que les dones i les persones LGTBIQ+ tinguin, tamb\u00e9 durant el desenvolupament de la Copa del Rei 2023 i amb el suport dels patrocinadors de la competici\u00f3, l\u2019atenci\u00f3 i la protecci\u00f3 davant possibles actituds i comportaments masclistes que es puguin produir als espais p\u00fablics, d\u2019oci o festius. &nbsp;<\/p>\n\n\n\n<p>Amb aquest objectiu s\u2019instal\u00b7laran a Badalona durant els dies 15, 16, 17, 18 i 19 de febrer tres Punts Liles per informar, sensibilitzar, prevenir i actuar davant les viol\u00e8ncies masclistes. Els tres punts s\u2019ubicaran a diversos espais de la ciutat on es realitzaran actes amb motiu de la Copa. A m\u00e9s, tamb\u00e9 s\u2019ha planificat un operatiu de seguretat amb la Gu\u00e0rdia Urbana, els Mossos d&#8217;Esquadra, Protecci\u00f3 Civil, l\u2019empresa organitzadora dels punts liles, una de les empreses prove\u00efdores de la Copa i els serveis municipals implicats per garantir la seguretat de les zones on es fan les activitats relacionades amb la competici\u00f3 i assegurar que tothom coneix els protocols a seguir en cas d&#8217;una agressi\u00f3 masclista o LGTBIQ+f\u00f2bica. En aquest sentit, dies abans de l\u2019inici de la Copa es far\u00e0 una reuni\u00f3 amb els locals d&#8217;oci nocturn locals per articular amb ells els protocols a seguir davant possibles viol\u00e8ncies sexuals al seu entorn. &nbsp;<\/p>\n\n\n\n<p>Els Punts Liles s&#8217;ubicaran a:&nbsp;<\/p>\n\n\n\n<p><strong>Fan Zone Palau Municipal d&#8217;Esports-Rambla del Gorg&nbsp;<\/strong><\/p>\n\n\n\n<p>&#8211; Dijous 16 de febrer d&#8217;11 a 0 hores&nbsp;<\/p>\n\n\n\n<p>&#8211; Divendres 17 de febrer d&#8217;11 a la 1 hores&nbsp;<\/p>\n\n\n\n<p>&#8211; Dissabte 18 de febrer d&#8217;11 a les 2 hores&nbsp;<\/p>\n\n\n\n<p>&#8211; Diumenge 19 de febrer d&#8217;11 a les 21 hores&nbsp;<\/p>\n\n\n\n<p><strong>Fan Zone de Llefi\u00e0&nbsp;<\/strong><\/p>\n\n\n\n<p>&#8211; Dimecres 15 de febrer de 14 hores a 23 hores&nbsp;<\/p>\n\n\n\n<p>&#8211; Dijous 16 de febrer de 9 a 18.30 hores&nbsp;<\/p>\n\n\n\n<p>&#8211; Divendres 17 de febrer de 9 a 18.30 hores&nbsp;<\/p>\n\n\n\n<p>&#8211; Dissabte 18 de febrer de 9 a 18.30 hores&nbsp;<\/p>\n\n\n\n<p>&#8211; Diumenge 19 de febrer de 9 a 13 hores&nbsp;<\/p>\n\n\n\n<p><strong>La Nit de la Copa &#8211; Can Rib\u00f3 (carrer Ramon Mart\u00ed i Alsina)&nbsp;<\/strong><\/p>\n\n\n\n<p>&#8211; Dissabte 18 de febrer de 0 a 4 hores&nbsp;<\/p>\n\n\n\n<p><strong>\u00abComer\u00e7 contra les viol\u00e8ncies masclistes\u00bb&nbsp;<\/strong><\/p>\n\n\n\n<p>D\u2019altra banda, l\u2019Ajuntament de Badalona ha repartit mig miler de cartells sota el lema \u00abComer\u00e7 contra les viol\u00e8ncies masclistes\u00bb amb un doble objectiu: primer, informar a totes les dones que puguin estar patint viol\u00e8ncia masclista, i al seu entorn m\u00e9s proper, dels tel\u00e8fons d\u2019atenci\u00f3 que tenen a disposici\u00f3 (l\u00ednia 900, 112, WhatsApp d&#8217;atenci\u00f3 immediata, SIAD i Gu\u00e0rdia Urbana); i, d\u2019altra banda, implicar els establiments i els comer\u00e7os en el comprom\u00eds i el suport ciutad\u00e0 a les dones i infants que puguin estar patint episodis de viol\u00e8ncia.&nbsp;<\/p>\n\n\n\n<p>La segona tinenta d&#8217;Alcaldia i regidora de l&#8217;\u00c0mbit d&#8217;Educaci\u00f3, Feminismes i LGTBIQ+, Ciutadania, Participaci\u00f3 i Agenda 2030, A\u00efda Llaurad\u00f3, ha animat a la ciutadania i les aficions a \u201cparticipar de la Copa del rei 2023 i a gaudir de totes les activitats i festes organitzades entre els dies 15 i 19 de febrer\u00bb. Llaurad\u00f3 ha demanat tamb\u00e9 \u00abuna actitud ferma i decidida contra les viol\u00e8ncies masclistes\u201d i ha convidat tothom \u201ca visitar els Punts Liles i con\u00e8ixer la tasca que s&#8217;hi realitza\u00bb. La regidora ha recordat que \u201cBadalona \u00e9s una ciutat compromesa amb els valors del feminisme i el respecte a les diversitats sexuals i de g\u00e8nere\u201d.&nbsp;<\/p>\n","protected":false},"excerpt":{"rendered":"<p>L\u2019Ajuntament de Badalona vol garantir que les dones i les persones LGTBIQ+ tinguin, tamb\u00e9 durant el desenvolupament de la Copa del Rei 2023 i amb el suport dels patrocinadors de la competici\u00f3, l\u2019atenci\u00f3 i la protecci\u00f3 davant possibles actituds i comportaments masclistes que es puguin produir als espais p\u00fablics, d\u2019oci o festius. &nbsp; Amb aquest [&hellip;]<\/p>\n","protected":false},"author":2,"featured_media":4776,"comment_status":"open","ping_status":"open","sticky":false,"template":"","format":"standard","meta":{"footnotes":""},"categories":[23,26],"tags":[],"class_list":{"0":"post-4775","1":"post","2":"type-post","3":"status-publish","4":"format-standard","5":"has-post-thumbnail","7":"category-actualitat","8":"category-esports"},"_links":{"self":[{"href":"https:\/\/areabadalona.com\/diario\/wp-json\/wp\/v2\/posts\/4775","targetHints":{"allow":["GET"]}}],"collection":[{"href":"https:\/\/areabadalona.com\/diario\/wp-json\/wp\/v2\/posts"}],"about":[{"href":"https:\/\/areabadalona.com\/diario\/wp-json\/wp\/v2\/types\/post"}],"author":[{"embeddable":true,"href":"https:\/\/areabadalona.com\/diario\/wp-json\/wp\/v2\/users\/2"}],"replies":[{"embeddable":true,"href":"https:\/\/areabadalona.com\/diario\/wp-json\/wp\/v2\/comments?post=4775"}],"version-history":[{"count":1,"href":"https:\/\/areabadalona.com\/diario\/wp-json\/wp\/v2\/posts\/4775\/revisions"}],"predecessor-version":[{"id":4777,"href":"https:\/\/areabadalona.com\/diario\/wp-json\/wp\/v2\/posts\/4775\/revisions\/4777"}],"wp:featuredmedia":[{"embeddable":true,"href":"https:\/\/areabadalona.com\/diario\/wp-json\/wp\/v2\/media\/4776"}],"wp:attachment":[{"href":"https:\/\/areabadalona.com\/diario\/wp-json\/wp\/v2\/media?parent=4775"}],"wp:term":[{"taxonomy":"category","embeddable":true,"href":"https:\/\/areabadalona.com\/diario\/wp-json\/wp\/v2\/categories?post=4775"},{"taxonomy":"post_tag","embeddable":true,"href":"https:\/\/areabadalona.com\/diario\/wp-json\/wp\/v2\/tags?post=4775"}],"curies":[{"name":"wp","href":"https:\/\/api.w.org\/{rel}","templated":true}]}}