{"id":4772,"date":"2023-02-09T10:25:43","date_gmt":"2023-02-09T10:25:43","guid":{"rendered":"https:\/\/areabadalona.com\/diario\/?p=4772"},"modified":"2023-02-09T10:25:44","modified_gmt":"2023-02-09T10:25:44","slug":"la-biblioteca-central-urbana-can-casacuberta-de-badalona-reobre-al-public","status":"publish","type":"post","link":"https:\/\/areabadalona.com\/diario\/2023\/02\/09\/la-biblioteca-central-urbana-can-casacuberta-de-badalona-reobre-al-public\/","title":{"rendered":"La Biblioteca Central Urbana Can Casacuberta de Badalona reobre al p\u00fablic\u00a0"},"content":{"rendered":"\n<p>El pr\u00f2xim dilluns 13 de febrer la Biblioteca Central Urbana Can Casacuberta reobre les portes al p\u00fablic despr\u00e9s de corregir les defici\u00e8ncies que impedien el seu funcionament. El seu horari d\u2019obertura ser\u00e0 de 9.30 a 20.30 hores, de dilluns a divendres, i els dissabtes, de 9.30 a 13.30 hores.\u00a0<\/p>\n\n\n\n<p>La reobertura d\u2019aquest equipament, situat al carrer de Moss\u00e8n Anton Romeu, 48 del barri del Centre i que va haver de tancar el desembre del 2019, no inclou encara la sala infantil, que entrar\u00e0 en funcionament quan finalitzin les tasques d\u2019adequaci\u00f3 de l\u2019espai a la normativa d\u2019evacuaci\u00f3 i seguretat. Aquest servei es continuar\u00e0 prestant de forma provisional a la Sala Josep Ucl\u00e9s del Centre Cultural el Carme (carrer de Francesc Layret, 78), on es porta a terme la programaci\u00f3 d\u2019activitats infantils, servei de pr\u00e9stec i sala de lectura.&nbsp;<\/p>\n\n\n\n<p>La Biblioteca Can Casacuberta reobre despr\u00e9s que s\u2019hagin portat a terme actuacions com ara la instal\u00b7laci\u00f3 d\u2019una nova caldera i aparell de climatitzaci\u00f3; augment dels endolls i m\u00e9s il\u00b7luminaci\u00f3; millores de l\u2019accessibilitat amb un nou ascensor d\u2019acc\u00e9s a la primera planta; millores decoratives de l\u2019entorn amb un nou mosaic a la font i la instal\u00b7laci\u00f3 de verd interior; l\u2019ampliaci\u00f3 del fons bibliogr\u00e0fic i un nou espai destacat per al fons local amb la creaci\u00f3 d\u2019un mural que es comen\u00e7ar\u00e0 a fer el dilluns 13 per part de l\u2019artista local conegut art\u00edsticament com Spogo, el proc\u00e9s del qual tindr\u00e0 una durada d&#8217;uns cinc dies i es podr\u00e0 seguir en directe (de 10 a 13 hores i de 16 a 18 hores).&nbsp;<\/p>\n\n\n\n<p>Can Casacuberta obre de nou les portes amb una novetat destacada ja que s\u2019implementa el servei d\u2019autopr\u00e9stec, una eina que modernitza i agilitza aquest servei ja que s\u00f3n els usuaris els que poden fer la gesti\u00f3 a trav\u00e9s de les m\u00e0quines destinades a aquest \u00fas. &nbsp;<\/p>\n\n\n\n<p>Tot i la reobertura al p\u00fablic, encara queden treballs per enllestir com per exemple la reparaci\u00f3 de la coberta per evitar filtracions; la renovaci\u00f3 del mobiliari de la biblioteca i la ja esmentada adequaci\u00f3 de la sala infantil.&nbsp;<\/p>\n\n\n\n<p>La regidora de Cultura i Mobilitat, Anna Maria Lara, ha manifestat: \u00abL&#8217;obertura de la biblioteca Can Casacuberta era un dels objectius principals del nostre mandat. Hi ha hagut molts obstacles, per\u00f2 gr\u00e0cies al treball incansable dels t\u00e8cnics i d&#8217;aquest Govern hem pogut obrir un equipament que \u00e9s essencial en la cohesi\u00f3 social de la ciutat\u00bb. No obstant aix\u00f2, la regidora ha afegit: \u00abLa manca de manteniment dels equipaments fa que no estigui en un estat \u00f2ptim. Aix\u00f2 no acaba aqu\u00ed. Aquesta regidoria continuar\u00e0 treballant per assegurar la m\u00e0xima qualitat en tota la xarxa municipal de biblioteques\u00bb.&nbsp;<\/p>\n","protected":false},"excerpt":{"rendered":"<p>El pr\u00f2xim dilluns 13 de febrer la Biblioteca Central Urbana Can Casacuberta reobre les portes al p\u00fablic despr\u00e9s de corregir les defici\u00e8ncies que impedien el seu funcionament. El seu horari d\u2019obertura ser\u00e0 de 9.30 a 20.30 hores, de dilluns a divendres, i els dissabtes, de 9.30 a 13.30 hores.\u00a0 La reobertura d\u2019aquest equipament, situat al [&hellip;]<\/p>\n","protected":false},"author":2,"featured_media":4773,"comment_status":"open","ping_status":"open","sticky":false,"template":"","format":"standard","meta":{"footnotes":""},"categories":[23],"tags":[],"class_list":{"0":"post-4772","1":"post","2":"type-post","3":"status-publish","4":"format-standard","5":"has-post-thumbnail","7":"category-actualitat"},"_links":{"self":[{"href":"https:\/\/areabadalona.com\/diario\/wp-json\/wp\/v2\/posts\/4772","targetHints":{"allow":["GET"]}}],"collection":[{"href":"https:\/\/areabadalona.com\/diario\/wp-json\/wp\/v2\/posts"}],"about":[{"href":"https:\/\/areabadalona.com\/diario\/wp-json\/wp\/v2\/types\/post"}],"author":[{"embeddable":true,"href":"https:\/\/areabadalona.com\/diario\/wp-json\/wp\/v2\/users\/2"}],"replies":[{"embeddable":true,"href":"https:\/\/areabadalona.com\/diario\/wp-json\/wp\/v2\/comments?post=4772"}],"version-history":[{"count":1,"href":"https:\/\/areabadalona.com\/diario\/wp-json\/wp\/v2\/posts\/4772\/revisions"}],"predecessor-version":[{"id":4774,"href":"https:\/\/areabadalona.com\/diario\/wp-json\/wp\/v2\/posts\/4772\/revisions\/4774"}],"wp:featuredmedia":[{"embeddable":true,"href":"https:\/\/areabadalona.com\/diario\/wp-json\/wp\/v2\/media\/4773"}],"wp:attachment":[{"href":"https:\/\/areabadalona.com\/diario\/wp-json\/wp\/v2\/media?parent=4772"}],"wp:term":[{"taxonomy":"category","embeddable":true,"href":"https:\/\/areabadalona.com\/diario\/wp-json\/wp\/v2\/categories?post=4772"},{"taxonomy":"post_tag","embeddable":true,"href":"https:\/\/areabadalona.com\/diario\/wp-json\/wp\/v2\/tags?post=4772"}],"curies":[{"name":"wp","href":"https:\/\/api.w.org\/{rel}","templated":true}]}}