{"id":4768,"date":"2023-02-08T12:55:39","date_gmt":"2023-02-08T12:55:39","guid":{"rendered":"https:\/\/areabadalona.com\/diario\/?p=4768"},"modified":"2023-02-08T12:55:40","modified_gmt":"2023-02-08T12:55:40","slug":"lalcalde-de-badalona-reclama-al-govern-de-lestat-mesures-urgents-per-a-la-regeneracio-de-les-platges","status":"publish","type":"post","link":"https:\/\/areabadalona.com\/diario\/2023\/02\/08\/lalcalde-de-badalona-reclama-al-govern-de-lestat-mesures-urgents-per-a-la-regeneracio-de-les-platges\/","title":{"rendered":"L\u2019alcalde de Badalona reclama al Govern de l\u2019Estat mesures urgents per a la regeneraci\u00f3 de les platges\u00a0"},"content":{"rendered":"\n<p>L\u2019alcalde de Badalona, Rub\u00e9n Guijarro, ha reclamat avui al Govern de l\u2019Estat \u201cl\u2019inici de les mesures urgents i necess\u00e0ries per a la regeneraci\u00f3 de les platges\u201d aix\u00ed com \u201cl\u2019execuci\u00f3 de manera urgent de mesures per protegir el litoral i les infraestructures vitals que es troben en risc de col\u00b7lapse\u201d.&nbsp;<\/p>\n\n\n\n<p>L\u2019alcalde, que ha comprovat aquest mat\u00ed les afectacions ocasionades pel fort onatge pel temporal de llevant, ha enviat un escrit dirigit a la vicepresidenta tercera i ministra per a la Transici\u00f3 Ecol\u00f2gica i el Repte Ecol\u00f2gic, Teresa Ribera, on es recorda que el litoral badalon\u00ed ja ha patit recentment grans temporals com el Gl\u00f2ria, gener del 2020 i el C\u00e8lia, l\u2019any passat, i que a conseq\u00fc\u00e8ncia d\u2019aquests fen\u00f2mens, i de \u201cla nul\u00b7la inversi\u00f3 dels responsables dels terrenys mar\u00edtim-terrestre, la desaparici\u00f3 de les platges \u00e9s un fet evident\u201d. Per evitar aquesta situaci\u00f3 l\u2019alcalde tornar a reiterar que cal prendre mesures importants per a l\u2019estabilitzaci\u00f3 de les platges.&nbsp;<\/p>\n\n\n\n<p>En l\u2019escrit, l\u2019alcalde alerta que la regressi\u00f3 alarmant de les platges no es tradueix nom\u00e9s en la impossibilitat del seu \u00fas per part de la ciutadania, sin\u00f3 que tamb\u00e9 posa en risc infraestructures com el passeig Mar\u00edtim i compromet el futur de la l\u00ednia de ferrocarril que utilitzen di\u00e0riament milers de persones. En aquest sentit, l\u2019alcalde aposta per un treball conjunt de totes les administracions per trobar i executar solucions conjuntes per salvaguardar el litoral.\u00a0<\/p>\n\n\n\n<div><a href=\"https:\/\/areabadalona.com\/diario\/wp-content\/uploads\/2023\/02\/Temporal-Badalona_8-febrer_1-1024x768.jpg\" class=\"td-modal-image\"><figure class=\"wp-block-image size-large\"><img loading=\"lazy\" decoding=\"async\" width=\"1024\" height=\"768\" src=\"https:\/\/areabadalona.com\/diario\/wp-content\/uploads\/2023\/02\/Temporal-Badalona_8-febrer_1-1024x768.jpg\" alt=\"\" class=\"wp-image-4769\" srcset=\"https:\/\/areabadalona.com\/diario\/wp-content\/uploads\/2023\/02\/Temporal-Badalona_8-febrer_1-1024x768.jpg 1024w, https:\/\/areabadalona.com\/diario\/wp-content\/uploads\/2023\/02\/Temporal-Badalona_8-febrer_1-300x225.jpg 300w, https:\/\/areabadalona.com\/diario\/wp-content\/uploads\/2023\/02\/Temporal-Badalona_8-febrer_1-768x576.jpg 768w, https:\/\/areabadalona.com\/diario\/wp-content\/uploads\/2023\/02\/Temporal-Badalona_8-febrer_1-150x113.jpg 150w, https:\/\/areabadalona.com\/diario\/wp-content\/uploads\/2023\/02\/Temporal-Badalona_8-febrer_1-696x522.jpg 696w, https:\/\/areabadalona.com\/diario\/wp-content\/uploads\/2023\/02\/Temporal-Badalona_8-febrer_1-1068x801.jpg 1068w, https:\/\/areabadalona.com\/diario\/wp-content\/uploads\/2023\/02\/Temporal-Badalona_8-febrer_1.jpg 1200w\" sizes=\"auto, (max-width: 1024px) 100vw, 1024px\" \/><\/figure><\/a><\/div>\n\n\n\n<p><strong>Afectacions del darrer temporal de llevant a Badalona&nbsp;<\/strong><\/p>\n\n\n\n<p>L\u2019episodi de llevant fred ha comportat forts vents que han ocasionat un temporal mar\u00edtim. El fort onatge que ha batut el litoral badalon\u00ed ha provocat les afectacions seg\u00fcents:&nbsp;<\/p>\n\n\n\n<p>&#8211; Greus danys al sobreeixidor d\u2019aig\u00fces pluvials situat a l\u2019altura del carrer de Torrebadal al barri de Casagemes.&nbsp;<\/p>\n\n\n\n<p>&#8211; La platja m\u00e9s afectada per la p\u00e8rdua de sorra ha estat la platja de la Barca Maria. La resta de platges no han patit afectacions importants.&nbsp;<\/p>\n\n\n\n<p>&#8211; Afectacions a espais privats situats a primera l\u00ednia com ara a les casetes del carrer de la Riera de Canyad\u00f3, a la Donzella de la Costa, al Club N\u00e0utic B\u00e9tulo i al Club Nataci\u00f3 Badalona.&nbsp;<\/p>\n\n\n\n<p>L\u2019Ajuntament de Badalona activar\u00e0 un Decret d\u2019emerg\u00e8ncia per possibilitar arreglar amb celeritat els desperfectes d\u2019aquest darrer temporal. Els serveis de neteja i de manteniment treballen en la retirada de sorra d\u2019alguns trams del passeig Mar\u00edtim i, d\u2019altra banda, es tornen a reobrir els parcs de Can Solei i Ca l\u2019Arn\u00fas i el de l\u2019Escorxador que es van tancar durant la fase d\u2019alerta de forts vents.&nbsp;<\/p>\n","protected":false},"excerpt":{"rendered":"<p>L\u2019alcalde de Badalona, Rub\u00e9n Guijarro, ha reclamat avui al Govern de l\u2019Estat \u201cl\u2019inici de les mesures urgents i necess\u00e0ries per a la regeneraci\u00f3 de les platges\u201d aix\u00ed com \u201cl\u2019execuci\u00f3 de manera urgent de mesures per protegir el litoral i les infraestructures vitals que es troben en risc de col\u00b7lapse\u201d.&nbsp; L\u2019alcalde, que ha comprovat aquest mat\u00ed [&hellip;]<\/p>\n","protected":false},"author":2,"featured_media":4770,"comment_status":"open","ping_status":"open","sticky":false,"template":"","format":"standard","meta":{"footnotes":""},"categories":[23],"tags":[],"class_list":{"0":"post-4768","1":"post","2":"type-post","3":"status-publish","4":"format-standard","5":"has-post-thumbnail","7":"category-actualitat"},"_links":{"self":[{"href":"https:\/\/areabadalona.com\/diario\/wp-json\/wp\/v2\/posts\/4768","targetHints":{"allow":["GET"]}}],"collection":[{"href":"https:\/\/areabadalona.com\/diario\/wp-json\/wp\/v2\/posts"}],"about":[{"href":"https:\/\/areabadalona.com\/diario\/wp-json\/wp\/v2\/types\/post"}],"author":[{"embeddable":true,"href":"https:\/\/areabadalona.com\/diario\/wp-json\/wp\/v2\/users\/2"}],"replies":[{"embeddable":true,"href":"https:\/\/areabadalona.com\/diario\/wp-json\/wp\/v2\/comments?post=4768"}],"version-history":[{"count":1,"href":"https:\/\/areabadalona.com\/diario\/wp-json\/wp\/v2\/posts\/4768\/revisions"}],"predecessor-version":[{"id":4771,"href":"https:\/\/areabadalona.com\/diario\/wp-json\/wp\/v2\/posts\/4768\/revisions\/4771"}],"wp:featuredmedia":[{"embeddable":true,"href":"https:\/\/areabadalona.com\/diario\/wp-json\/wp\/v2\/media\/4770"}],"wp:attachment":[{"href":"https:\/\/areabadalona.com\/diario\/wp-json\/wp\/v2\/media?parent=4768"}],"wp:term":[{"taxonomy":"category","embeddable":true,"href":"https:\/\/areabadalona.com\/diario\/wp-json\/wp\/v2\/categories?post=4768"},{"taxonomy":"post_tag","embeddable":true,"href":"https:\/\/areabadalona.com\/diario\/wp-json\/wp\/v2\/tags?post=4768"}],"curies":[{"name":"wp","href":"https:\/\/api.w.org\/{rel}","templated":true}]}}