{"id":4765,"date":"2023-02-08T10:17:44","date_gmt":"2023-02-08T10:17:44","guid":{"rendered":"https:\/\/areabadalona.com\/diario\/?p=4765"},"modified":"2023-02-08T10:17:44","modified_gmt":"2023-02-08T10:17:44","slug":"la-fundacio-formacio-i-treball-en-alianca-amb-la-fundacio-llegatroca-i-pi-inaugura-la-seva-primera-botiga-amiga-a-badalona","status":"publish","type":"post","link":"https:\/\/areabadalona.com\/diario\/2023\/02\/08\/la-fundacio-formacio-i-treball-en-alianca-amb-la-fundacio-llegatroca-i-pi-inaugura-la-seva-primera-botiga-amiga-a-badalona\/","title":{"rendered":"La Fundaci\u00f3 Formaci\u00f3 i Treball, en alian\u00e7a amb la Fundaci\u00f3 Llegat<br>Roca i Pi, inaugura la seva primera Botiga Amiga a Badalona"},"content":{"rendered":"\n<p>La Fundaci\u00f3 Formaci\u00f3 i Treball s\u2019expandeix en el territori del Barcelon\u00e8s Nord i obre la seva primera Botiga Amiga amb Moda re- a Badalona.<br>Amb la nova botiga, ubicada al Carrer Sant Anastasi, 22 (Badalona), Formaci\u00f3 i Treball<br>suma ja 21 botigues repartides arreu del territori catal\u00e0. Aquesta vegada ho fa de la m\u00e0 de<br>la Fundaci\u00f3 Llegat Roca i Pi, aliat i partner principal de l\u2019entitat al territori.<br>L\u2019alian\u00e7a entre les dues entitats es va constituir l\u2019octubre del 2019 i va significar un pas<br>endavant en una relaci\u00f3 ja establerta des del 2014 amb l\u2019obertura del Taller Sant Isidre, un<br>centre s\u00f2cio-ocupacional dirigit a persones sense llar. El conveni de col\u00b7laboraci\u00f3 i el comprom\u00eds econ\u00f2mic de la Fundaci\u00f3 Llegat Roca i Pi amb Formaci\u00f3 i Treball \u00e9s una opci\u00f3<br>estrat\u00e8gica per promoure un programa d\u2019inserci\u00f3 laboral a la ciutat de Badalona com a mitj\u00e0 per combatre l\u2019exclusi\u00f3 laboral i social i oferir oportunitats d\u2019accedir al mercat de treball als col\u00b7lectius m\u00e9s vulnerables.<br>En concret, Botiga Amiga \u00e9s un dels instruments clau per donar resposta aquest<br>comprom\u00eds social i laboral. La iniciativa aposta per un espai de consum sostenible<br>reutilitzant b\u00e9ns de segona m\u00e0 i afavorint alhora la inserci\u00f3 laboral de persones en<br>risc d\u2019exclusi\u00f3 social del territori. A m\u00e9s, els ingressos de l\u2019establiment es destinaran a<br>iniciatives de formaci\u00f3 i inclusi\u00f3 laboral impulsades per ambdues entitats. A m\u00e9s, la cadena<br>comercial forma part de la cooperativa Moda re-, projecte estatal sense \u00e0nim de lucre<br>impulsat per C\u00e0ritas, i dirigit a la promoci\u00f3 de l\u2019economia social i solid\u00e0ria a trav\u00e9s de la<br>reutilitzaci\u00f3, el reciclatge i la venda de roba usada, amb l\u2019objectiu principal de generar<br>ocupaci\u00f3 social i sostenible.<\/p>\n\n\n\n<p>Botiga Amiga Badalona ha estat creada amb una imatge moderna i actual, que pret\u00e9n<br>trencar els estereotips que s\u2019associen a les botigues de segona m\u00e0. Actualment hi<br>treballen 3 persones, dues amb un contracte d\u2019inserci\u00f3 laboral i una d\u2019estructura. Es<br>tracta de la primera botiga al municipi de Badalona i de la n\u00famero 21 a Catalunya.<br>A m\u00e9s a m\u00e9s, aquest nou establiment permet continuar ampliant la xarxa d\u2019entrega social<br>de roba i complements a persones i fam\u00edlies en situaci\u00f3 de vulnerabilitat ateses per la<br>Fundaci\u00f3, facilitant aix\u00ed la proximitat. Alhora que impulsar una major conflu\u00e8ncia de<br>col\u00b7lectius a les botigues, atorgant-ne la m\u00e0xima dignitat i confidencialitat al lliurament.<br>Essent aquest projecte un model d\u2019actuaci\u00f3 que promou i impulsa programes d\u2019alt impacte:<br>social, cobrint una necessitat b\u00e0sica insuficientment resolta i\/o desenvolupant itineraris<br>sociolaborals per a col\u00b7lectius en situaci\u00f3 de vulnerabilitat; mediambiental, reduint la<br>generaci\u00f3 de residus i allargant el seu cicle de vida; econ\u00f2mic, creant llocs de feina,<br>sostenibles en el temps i dirigits en exclusiva a persones vulnerables; i comunitari,<br>afavorint propostes de proximitat al i des del territori.<br>A l\u2019acte d\u2019inauguraci\u00f3 de Botiga Amiga Badalona hem comptat amb la pres\u00e8ncia de<br>l\u2019Il\u00b7lustr\u00edssim senyor Rub\u00e9n Guijarro, alcalde de l\u2019Ajuntament de Badalona, qui ha<br>destacat la import\u00e0ncia de la pres\u00e8ncia de Botiga Amiga a la ciutat de Badalona per afavorir \u201cel comer\u00e7 de proximitat, sostenible i solidari\u201d, i que a m\u00e9s \u201cdona vida a l\u2019economia local amb la generaci\u00f3 de llocs de feina per a col\u00b7lectius vulnerables\u201d.<\/p>\n\n\n\n<p><br>Donar a con\u00e8ixer el projecte t\u00e8xtil:<br>El projecte t\u00e8xtil de la Fundaci\u00f3 Formaci\u00f3 i Treball es basa en un model d\u2019economia circular<br>que respecta i cuida les persones i el medi ambient: aconsegueix generar llocs de feina en<br>el territori, resol necessitats poc cobertes de roba en persones vulnerables i, a la vegada,<br>redueix la generaci\u00f3 de residus. Ara \u00e9s m\u00e9s necessari que mai treballar per la<br>conscienciaci\u00f3 de la reutilitzaci\u00f3 de la roba. Una de les fites priorit\u00e0ries de l\u2019entitat en el<br>marc dels Objectius de Desenvolupament Sostenible (ODS) de l\u2019Agenda 2030 de Nacions<br>Unides, \u00e9s el consum i la producci\u00f3 responsable. En aquest sentit, Formaci\u00f3 i Treball<br>gestiona quatre plantes de tractament de roba i complements amb les quals aconsegueix un important estalvi d\u2019emissions de Co2; l\u2019any 2021 un total de 532.825 tones de Co2, que<br>representen 21.313 tones t\u00e8xtils gestionades.<\/p>\n\n\n\n<p><br>En l\u00ednia amb els Objectius de Desenvolupament Sostenible:<br>El projecte t\u00e8xtil de la Fundaci\u00f3 Formaci\u00f3 i Treball est\u00e0 comprom\u00e8s amb els 17 Objectius de<br>Desenvolupament Sostenible (ODS) que s\u2019emmarquen dins l\u2019Agenda 2030 de Nacions<br>Unidas. Es tracta d\u2019un pla d\u2019acci\u00f3 perqu\u00e8 els governs, empreses i societat civil cooperin en<br>cadascun dels objectius espec\u00edfics. Els objectius espec\u00edfics en els quals treballa Formaci\u00f3 i<br>Treball estan focalitzats en els seg\u00fcents ODS: erradicar la pobresa a tot el m\u00f3n i en totes les seves formes (ODS1); aconseguir la igualtat de g\u00e8nere i empoderar totes les dones i nenes (ODS5); promoure el creixement econ\u00f2mic sostingut, inclusiu i sostenible, l\u2019ocupaci\u00f3 plena i productiva i el treball digne per a tothom (ODS8); reduir la desigualtat en i entre els pa\u00efsos (ODS10); garantir modalitats de consum i producci\u00f3 sostenibles (ODS12); adoptar mesures urgents per a combatre el canvi clim\u00e0tic i els efectes d\u2019aquest (ODS13); i enfortir els mitjans per implementar i revitalitzar l\u2019alian\u00e7a mundial pel desenvolupament sostenible (ODS17).<\/p>\n","protected":false},"excerpt":{"rendered":"<p>La Fundaci\u00f3 Formaci\u00f3 i Treball s\u2019expandeix en el territori del Barcelon\u00e8s Nord i obre la seva primera Botiga Amiga amb Moda re- a Badalona.Amb la nova botiga, ubicada al Carrer Sant Anastasi, 22 (Badalona), Formaci\u00f3 i Treballsuma ja 21 botigues repartides arreu del territori catal\u00e0. Aquesta vegada ho fa de la m\u00e0 dela Fundaci\u00f3 Llegat [&hellip;]<\/p>\n","protected":false},"author":2,"featured_media":4766,"comment_status":"open","ping_status":"open","sticky":false,"template":"","format":"standard","meta":{"footnotes":""},"categories":[23,24],"tags":[],"class_list":{"0":"post-4765","1":"post","2":"type-post","3":"status-publish","4":"format-standard","5":"has-post-thumbnail","7":"category-actualitat","8":"category-societat"},"_links":{"self":[{"href":"https:\/\/areabadalona.com\/diario\/wp-json\/wp\/v2\/posts\/4765","targetHints":{"allow":["GET"]}}],"collection":[{"href":"https:\/\/areabadalona.com\/diario\/wp-json\/wp\/v2\/posts"}],"about":[{"href":"https:\/\/areabadalona.com\/diario\/wp-json\/wp\/v2\/types\/post"}],"author":[{"embeddable":true,"href":"https:\/\/areabadalona.com\/diario\/wp-json\/wp\/v2\/users\/2"}],"replies":[{"embeddable":true,"href":"https:\/\/areabadalona.com\/diario\/wp-json\/wp\/v2\/comments?post=4765"}],"version-history":[{"count":1,"href":"https:\/\/areabadalona.com\/diario\/wp-json\/wp\/v2\/posts\/4765\/revisions"}],"predecessor-version":[{"id":4767,"href":"https:\/\/areabadalona.com\/diario\/wp-json\/wp\/v2\/posts\/4765\/revisions\/4767"}],"wp:featuredmedia":[{"embeddable":true,"href":"https:\/\/areabadalona.com\/diario\/wp-json\/wp\/v2\/media\/4766"}],"wp:attachment":[{"href":"https:\/\/areabadalona.com\/diario\/wp-json\/wp\/v2\/media?parent=4765"}],"wp:term":[{"taxonomy":"category","embeddable":true,"href":"https:\/\/areabadalona.com\/diario\/wp-json\/wp\/v2\/categories?post=4765"},{"taxonomy":"post_tag","embeddable":true,"href":"https:\/\/areabadalona.com\/diario\/wp-json\/wp\/v2\/tags?post=4765"}],"curies":[{"name":"wp","href":"https:\/\/api.w.org\/{rel}","templated":true}]}}