{"id":4762,"date":"2023-02-06T12:56:10","date_gmt":"2023-02-06T12:56:10","guid":{"rendered":"https:\/\/areabadalona.com\/diario\/?p=4762"},"modified":"2023-02-06T12:56:10","modified_gmt":"2023-02-06T12:56:10","slug":"la-41a-rua-de-carnestoltes-recorrera-els-carrers-dels-barri-de-llefia-el-dissabte-18-de-febrer","status":"publish","type":"post","link":"https:\/\/areabadalona.com\/diario\/2023\/02\/06\/la-41a-rua-de-carnestoltes-recorrera-els-carrers-dels-barri-de-llefia-el-dissabte-18-de-febrer\/","title":{"rendered":"La 41a Rua de Carnestoltes recorrer\u00e0 els carrers dels barri de Llefi\u00e0 el dissabte 18 de febrer \u00a0"},"content":{"rendered":"\n<p>El dissabte 18 de febrer es celebrar\u00e0 a Llefi\u00e0 la 41a Rua de Carnestoltes a Llefi\u00e0 i, un dia despr\u00e9s, diumenge dia 19, el Carnaval Infantil a Bufal\u00e0. Les activitats estan organitzades per l\u2019Ajuntament de Badalona, la Comissi\u00f3 de Cultura de Llefi\u00e0, la Comissi\u00f3 de Carnestoltes i la Comissi\u00f3 de Carnestoltes Bufal\u00e0.&nbsp;<\/p>\n\n\n\n<p>La Reina Carnestoltes, acompanyada de la seva cort, far\u00e0, el dissabte 18, a les 17 hores, la lectura del preg\u00f3 de Carnaval des del balc\u00f3 del Centre C\u00edvic Torre Mena, proclamar\u00e0 el seu regnat i convidar\u00e0 la ciutadania a la disbauxa i a la festa. Posteriorment encap\u00e7alar\u00e0 la Rua de comparses que recorrer\u00e0 diferents carrers de Llefi\u00e0. A les 19 hores s\u2019iniciar\u00e0, a la pla\u00e7a de Trafalgar, el ball de disfresses amb un grup de versions per no parar de ballar. Les inscripcions en l\u00ednia (<a href=\"http:\/\/www.carnestoltes.llefia.org\">www.carnestoltes.llefia.org<\/a>) per a la participaci\u00f3 a la rua es tancaran el dia 16 de febrer.&nbsp;<\/p>\n\n\n\n<p>Diumenge 19 de febrer, la Reina Carnestoltes es traslladar\u00e0 al barri de Bufal\u00e0, davant de la masia de Ca l\u2019Andal per iniciar, a les 11.30 hores, la rua infantil. A les 12.30 hores comen\u00e7ar\u00e0 el ball de disfresses amb un espectacle d\u2019animaci\u00f3 infantil al parc de Can Barriga.&nbsp;<\/p>\n\n\n\n<p><strong>Activitats del Carnaval 2023 &nbsp;<\/strong><\/p>\n\n\n\n<p><strong><u>Dissabte 18 de febrer<\/u><\/strong>&nbsp;<\/p>\n\n\n\n<p><strong>41a Rua de Carnestoltes a Llefi\u00e0. &nbsp;<\/strong><\/p>\n\n\n\n<p><strong>Preg\u00f3 de la Reina Carnestoltes<\/strong>. Al Centre C\u00edvic Torre Mena, a les 17 hores, arribar\u00e0 la Reina Carnestoltes, la Nimfa del Mar, la Nimfa del Vi i la resta de la seva Cort. Preg\u00f3 de Carnaval des del balc\u00f3 del Centre C\u00edvic Torre Mena.&nbsp;<\/p>\n\n\n\n<p><strong>Rua de Carnestoltes<\/strong>. A partir de les 17.30 hores. Aquest \u00e9s l\u2019itinerari previst: Centre C\u00edvic Torre Mena, avinguda del Marqu\u00e8s de Sant Mori, carrer de P\u00e9rez Gald\u00f3s, ronda de Sant Antoni de Llefi\u00e0, avinguda del Doctor Bassols, avinguda del Marqu\u00e8s de Sant Mori i pla\u00e7a de Trafalgar. La rua anir\u00e0 amenitzada per la xaranga Harpo\u2019s Ban.&nbsp;<\/p>\n\n\n\n<p><strong>Ball de disfresses<\/strong>. A la pla\u00e7a de Trafalgar, a partir de les 19 hores. Concert del grup de versions Aquarium.<strong>&nbsp;<\/strong><\/p>\n\n\n\n<p><strong>Lliurament de premis<\/strong>. A la mateixa pla\u00e7a de Trafalgar, a les 20 hores. Es lliuraran diversos premis a les comparses guanyadores de les categories d\u2019adults, infantil i per parella o individual a la m\u00e9s treballada, la m\u00e9s divertida, la m\u00e9s original i la m\u00e9s reivindicativa. I a m\u00e9s, un premi especial a la comparsa que el jurat consideri millor. L\u2019entitat guanyadora d\u2019aquest premi es quedar\u00e0 al llarg de l\u2019any amb la m\u00e0scara creada pel Cercle Art\u00edstic i atorgada des de l\u2019any 1993.&nbsp;<\/p>\n\n\n\n<p><strong><u>Diumenge 19 de febrer&nbsp;<\/u><\/strong><\/p>\n\n\n\n<p><strong>Carnaval Infantil a Bufal\u00e0<\/strong>&nbsp;<\/p>\n\n\n\n<p><strong>Concentraci\u00f3 de comparses<\/strong>. A la masia Ca l\u2019Andal, a les 11 hores.<strong>&nbsp;<\/strong><\/p>\n\n\n\n<p><strong>Rua infantil<\/strong> amb la Reina Carnestoltes i les nimfes. Comen\u00e7ar\u00e0 a les 11.30 hores, comen\u00e7ar\u00e0 a Ca l\u2019Andal i recorrer\u00e0 els carrers de la Independ\u00e8ncia i el de la Sardana, l\u2019avinguda d\u2019en Mart\u00ed Pujol i acabar\u00e0 al parc de Can Barriga. La rua anir\u00e0 amenitzada per la xaranga Harpo\u2019s Ban.&nbsp;<\/p>\n\n\n\n<p><strong>Ball de disfresses<\/strong>. Parc de Can Barriga, a les 12.30 hores.<strong>&nbsp;<\/strong><\/p>\n\n\n\n<p>Animaci\u00f3 infantil i familiar amb el grup Pentina el Gat.&nbsp;<\/p>\n\n\n\n<p><strong>Altres activitats de Carnaval&nbsp;<\/strong><\/p>\n\n\n\n<p><strong><u>Dissabte 18 de febrer&nbsp;<\/u><\/strong><\/p>\n\n\n\n<p><strong>Rues de Carnestoltes&nbsp;<\/strong><\/p>\n\n\n\n<p>A les 17 hores, a la pla\u00e7a de la Plana. A c\u00e0rrec de Bufons del Toc.&nbsp;<\/p>\n\n\n\n<p>A les 17 hores, a la pla\u00e7a de Lola Anglada. A c\u00e0rrec de les associacions de ve\u00efns de Canyad\u00f3 i d\u2019Iris-Sol Casagemes.&nbsp;<\/p>\n\n\n\n<p><strong>Final de festa. Ball del Tabalot&nbsp;<\/strong><\/p>\n\n\n\n<p>A les 19 hores, a la pla\u00e7a de la Vila. A c\u00e0rrec de Bufons del Toc.&nbsp;<\/p>\n\n\n\n<p><strong>Ball de Carnaval&nbsp;<\/strong><\/p>\n\n\n\n<p>22 hores, a la pla\u00e7a de la Plana. A c\u00e0rrec de la Comissi\u00f3 de Festes de Badalona.&nbsp;<\/p>\n\n\n\n<p><strong><u>Dissabte 25 de febrer&nbsp;<\/u><\/strong><\/p>\n\n\n\n<p><strong>Enterrament de la sardina a l&#8217;Escorxador&nbsp;<\/strong><\/p>\n\n\n\n<p>Parc de l\u2019Escorxador. &nbsp;<\/p>\n\n\n\n<p>A c\u00e0rrec de B\u00e8sties i Diables de La Salut.&nbsp;<\/p>\n\n\n\n<p><em>Activitats familiars<\/em> &nbsp;<\/p>\n\n\n\n<p>De 10 a 13 hores &nbsp;<\/p>\n\n\n\n<p><em>Cercavila de l&#8217;extermini<\/em> &nbsp;<\/p>\n\n\n\n<p>17 hores &nbsp;<\/p>\n\n\n\n<p><em>Incineraci\u00f3 de la sardina<\/em> &nbsp;<\/p>\n\n\n\n<p>19.30 hores &nbsp;<\/p>\n\n\n\n<p><em>Llu\u00efment de les colles participants<\/em> &nbsp;<\/p>\n\n\n\n<p>20 hores &nbsp;<\/p>\n\n\n\n<p><em>Sardinada popular<\/em> &nbsp;<\/p>\n\n\n\n<p>20.30 hores &nbsp;<\/p>\n","protected":false},"excerpt":{"rendered":"<p>El dissabte 18 de febrer es celebrar\u00e0 a Llefi\u00e0 la 41a Rua de Carnestoltes a Llefi\u00e0 i, un dia despr\u00e9s, diumenge dia 19, el Carnaval Infantil a Bufal\u00e0. Les activitats estan organitzades per l\u2019Ajuntament de Badalona, la Comissi\u00f3 de Cultura de Llefi\u00e0, la Comissi\u00f3 de Carnestoltes i la Comissi\u00f3 de Carnestoltes Bufal\u00e0.&nbsp; La Reina Carnestoltes, [&hellip;]<\/p>\n","protected":false},"author":1,"featured_media":4763,"comment_status":"open","ping_status":"open","sticky":false,"template":"","format":"standard","meta":{"footnotes":""},"categories":[23,25],"tags":[],"class_list":{"0":"post-4762","1":"post","2":"type-post","3":"status-publish","4":"format-standard","5":"has-post-thumbnail","7":"category-actualitat","8":"category-cultura"},"_links":{"self":[{"href":"https:\/\/areabadalona.com\/diario\/wp-json\/wp\/v2\/posts\/4762","targetHints":{"allow":["GET"]}}],"collection":[{"href":"https:\/\/areabadalona.com\/diario\/wp-json\/wp\/v2\/posts"}],"about":[{"href":"https:\/\/areabadalona.com\/diario\/wp-json\/wp\/v2\/types\/post"}],"author":[{"embeddable":true,"href":"https:\/\/areabadalona.com\/diario\/wp-json\/wp\/v2\/users\/1"}],"replies":[{"embeddable":true,"href":"https:\/\/areabadalona.com\/diario\/wp-json\/wp\/v2\/comments?post=4762"}],"version-history":[{"count":1,"href":"https:\/\/areabadalona.com\/diario\/wp-json\/wp\/v2\/posts\/4762\/revisions"}],"predecessor-version":[{"id":4764,"href":"https:\/\/areabadalona.com\/diario\/wp-json\/wp\/v2\/posts\/4762\/revisions\/4764"}],"wp:featuredmedia":[{"embeddable":true,"href":"https:\/\/areabadalona.com\/diario\/wp-json\/wp\/v2\/media\/4763"}],"wp:attachment":[{"href":"https:\/\/areabadalona.com\/diario\/wp-json\/wp\/v2\/media?parent=4762"}],"wp:term":[{"taxonomy":"category","embeddable":true,"href":"https:\/\/areabadalona.com\/diario\/wp-json\/wp\/v2\/categories?post=4762"},{"taxonomy":"post_tag","embeddable":true,"href":"https:\/\/areabadalona.com\/diario\/wp-json\/wp\/v2\/tags?post=4762"}],"curies":[{"name":"wp","href":"https:\/\/api.w.org\/{rel}","templated":true}]}}