{"id":4755,"date":"2023-02-03T11:26:20","date_gmt":"2023-02-03T11:26:20","guid":{"rendered":"https:\/\/areabadalona.com\/diario\/?p=4755"},"modified":"2023-02-06T11:27:00","modified_gmt":"2023-02-06T11:27:00","slug":"el-23e-festival-internacional-de-magia-cita-a-badalona-el-millor-talent-mundial-de-lil%c2%b7lusionisme","status":"publish","type":"post","link":"https:\/\/areabadalona.com\/diario\/2023\/02\/03\/el-23e-festival-internacional-de-magia-cita-a-badalona-el-millor-talent-mundial-de-lil%c2%b7lusionisme\/","title":{"rendered":"El 23\u00e8 Festival Internacional de M\u00e0gia cita a Badalona el millor talent mundial de l\u2019il\u00b7lusionisme\u00a0"},"content":{"rendered":"\n<p>La 23a edici\u00f3 del <strong>Festival Internacional de M\u00e0gia de Badalona Memorial Li-Chang portar\u00e0, del 4 de febrer al 5 de mar\u00e7<\/strong>, el bo i millor del m\u00f3n de l\u2019il\u00b7lusionisme amb una programaci\u00f3 variada, cosmopolita i de qualitat. Anir\u00e0 a mans de reconeguts mags i magues, tant locals i nacionals com internacionals, vinguts de pa\u00efsos d\u2019arreu d\u2019Europa i del m\u00f3n com Corea, Vene\u00e7uela, Alemanya, Fran\u00e7a i It\u00e0lia.&nbsp;<\/p>\n\n\n\n<p>Destaca l\u2019ampli ventall de disciplines de m\u00e0gia que s\u2019hi podran veure: des d\u2019espectacles de m\u00e0gia de prop amb sorprenents trucs i efectes, a shows i cabarets nocturns plens de ritme i humor, passant per originals manipulacions amb tot tipus d\u2019elements o, fins i tot, un espectacular ballet aeri.&nbsp;<\/p>\n\n\n\n<p>El programa d\u2019activitats s\u2019ha presentat avui en roda de premsa al Teatre Zorrilla de Badalona, amb la pres\u00e8ncia de la regidora de Cultura, Anna Maria Lara, del gerent de Badalona Cultura, Edu Pericas i del director art\u00edstic del Festiva, Enric Magoo.&nbsp;<\/p>\n\n\n\n<p>La regidora de Cultura, Anna Maria Lara, ha assenyalat que: \u201cdes del Govern municipal refermem el nostre comprom\u00eds de seguir impulsant aquest festival plenament consolidat, que any rere any creix en qualitat, en implicaci\u00f3 amb la ciutat i en projecci\u00f3 internacional\u201d.&nbsp;<\/p>\n\n\n\n<p>Les representacions principals tindran lloc en tres espais d\u2019actuaci\u00f3: el Teatre Margarida Xirgu, el Teatre Zorrilla i el Teatre Blas Infante, als quals se sumaran altres actuacions, tallers i activitats paral\u00b7leles a Can Ban\u00fas, la llibreria Saltamart\u00ed, el Centre de Recursos Pedag\u00f2gics, el Centre Comercial M\u00e0gic i a les biblioteques i centres c\u00edvics de la ciutat, que tornen a apropar la m\u00e0gia a la poblaci\u00f3 reprenent el contacte directe despr\u00e9s de l\u2019aturada per la pand\u00e8mia. Aix\u00ed, el festival s\u2019est\u00e9n per tots els racons de Badalona fent-ne part\u00edcip tota la ciutadania.&nbsp;<\/p>\n\n\n\n<p>Organitzada per l\u2019empresa municipal Badalona Cultura amb la direcci\u00f3 art\u00edstica del mag badalon\u00ed <strong>Enric Magoo<\/strong>, esdev\u00e9 una cita imprescindible per viure l\u2019incre\u00efble oportunitat de gaudir, a casa nostra, de la millor m\u00e0gia actual del m\u00f3n.&nbsp;<\/p>\n\n\n\n<p><strong>M\u00c0GIA PER A TOTS ELS GUSTOS&nbsp;<\/strong><\/p>\n\n\n\n<p>El <strong>Mag Edgard<\/strong> enlairar\u00e0 el tel\u00f3 del festival el diumenge 12 de febrer, al Teatre Margarida Xirgu, amb l\u2019espectacle familiar \u2018Somriures\u2019 (a partir de 5 anys), una proposta alegre que mostrar\u00e0 que somriure \u00e9s l\u2019\u00fanica l\u00ednia corba que ho redre\u00e7a tot.&nbsp;<\/p>\n\n\n\n<p>La programaci\u00f3 es reprendr\u00e0 el dissabte 18 de febrer, tamb\u00e9 al Teatre Margarida Xirgu, amb una nova edici\u00f3 del cabaret nocturn <strong>\u2018M\u00e0gia i humor\u2019<\/strong> que, any rere any, ja s\u2019ha fet un lloc en el certamen. El protagonitzaran els mags i humoristes <strong>Murphy, Dania D\u00edaz i Mr. Kebab<\/strong>.&nbsp;<\/p>\n\n\n\n<p>Atrevit i morda\u00e7, el <strong>mag Murphy<\/strong> desplegar\u00e0 tot el seu arsenal de trucs i efectes en una posada en escena magistral que juga en tot moment amb la confusi\u00f3. A trav\u00e9s de la m\u00e0gia de prop, la maga vene\u00e7olana <strong>Dania D\u00edaz<\/strong> combinar\u00e0 t\u00e8cnica i relat demostrant, amb el seu talent i carisma, qu\u00e8 l\u2019ha fet&nbsp;<\/p>\n\n\n\n<p>guanyadora de nombrosos premis i, fins i tot, arribar a ser finalista del programa Got Talent Espa\u00f1a i semifinalista a l\u2019America\u2019s Got Talent, als Estats Units. Per la seva banda, el delirant, irreverent i surrealista mag i c\u00f2mic <strong>Mr. Kebab<\/strong> (Joan Estrader), oferir\u00e0 un show enginy\u00f3s i esbojarrat carregat d\u2019humor absurd.&nbsp;<\/p>\n\n\n\n<p><strong>CAP DE SETMANA M\u00c0GIC: GALA INTERNACIONAL DE M\u00c0GIA&nbsp;<\/strong><\/p>\n\n\n\n<p>Com sempre, un dels plats forts del festival ser\u00e0 la <strong>Gala Internacional de M\u00e0gia XXIII Memorial Li-Chang<\/strong> al Teatre Zorrilla, que convertir\u00e0 Badalona en la capital mundial de la m\u00e0gia reunint, durant el cap de setmana <strong>del 24 de febrer al 26 de febrer<\/strong>, il\u00b7lusionistes de gran prestigi. Enguany les quatre gales prometen actuacions tan ins\u00f2lites com variades. Es comptar\u00e0 amb la pres\u00e8ncia dels mags internacionals <strong>Dario Adiletta<\/strong> (It\u00e0lia), <strong>Fr\u00e8res Chaix<\/strong> (Fran\u00e7a), <strong>Alana<\/strong> (Alemanya) i <strong>Hyunjoon Kim<\/strong> (Corea) i dels locals <strong>\u00c1lvaro Cort\u00e9s <\/strong>(Badalona) i <strong>Mag Mar\u00edn<\/strong> (Granollers). <strong>Joaqu\u00edn Matas<\/strong>, gran especialista en la m\u00e0gia d\u2019escena i de proximitat, far\u00e0 de mestre de cerim\u00f2nies amb molt humor i eleg\u00e0ncia.&nbsp;<\/p>\n\n\n\n<p>L\u2019itali\u00e0 <strong>Dario Adiletta<\/strong> \u00e9s un dels principals talents emergents del panorama m\u00e0gic cisalp\u00ed. La seva creativitat en la manipulaci\u00f3 d\u2019elements l\u2019ha fet guanyador en dues ocasions del premi a l\u2019originalitat, tant al Congr\u00e9s Nacional Franc\u00e8s (FFAP) com al Campionat Europeu de M\u00e0gia (FISM Europa). Els germans francesos Ga\u00ebtan i Godefroy, els <strong>Fr\u00e8res Chaix<\/strong>, captivaran el p\u00fablic amb un espectacle visual majestu\u00f3s. Un aut\u00e8ntic ballet aeri que \u00e9s pura fantasia i que els ha fet volar per tot el m\u00f3n. L\u2019alemanya <strong>Alana<\/strong> sorprendr\u00e0 amb el seu show de mans m\u00e0giques que l\u2019ha portat, fins i tot, al Castell M\u00e0gic de Hollywood. El core\u00e0 <strong>Hyunjoon Kim<\/strong> torna anys despr\u00e9s al festival amb un espectacle que l\u2019ha convertit en un dels millors manipuladors del m\u00f3n: <strong>The Illusionist<\/strong>.&nbsp;<\/p>\n\n\n\n<p>Pel que fa a la representaci\u00f3 de mags de casa nostra, el jove badalon\u00ed <strong>\u00c1lvaro Cort\u00e9s<\/strong> oferir\u00e0 un n\u00famero de m\u00e0gia teatral madurat durant anys al Memorial Li-Chang i que l\u2019ha portat a assolir recentment el Premi Nacional de M\u00e0gia; mentre que el <strong>Mag Mar\u00edn<\/strong>, de Granollers, aportar\u00e0 colors i purpurina amb un show de grans il\u00b7lusions. Divertit i juganer, l\u2019espectacle li ha valgut un dels premis m\u00e9s prestigiosos de l\u2019\u00e0mbit internacional, el Mandrake d\u2019Or franc\u00e8s.&nbsp;<\/p>\n\n\n\n<p><strong>PREMI LI-CHANG I MENCI\u00d3 HONOR\u00cdFICA&nbsp;<\/strong><\/p>\n\n\n\n<p>La Gala Internacional de M\u00e0gia t\u00e9 reservades, a m\u00e9s, dues sorpreses. D\u2019una banda, la <strong>Menci\u00f3 honor\u00edfica<\/strong> que <strong>divendres 24<\/strong> de febrer es concedir\u00e0 a una personalitat o empresa del m\u00f3n de la m\u00e0gia en reconeixement a la seva carrera art\u00edstica i\/o traject\u00f2ria professional. Enguany la distinci\u00f3 recau sobre <strong>Carles Ferrandiz Gutsens<\/strong>, fabricant al taller de la botiga \u201cM\u00e1gicus\u201d de Barcelona. La segona sorpresa rau en el <strong>Premi Li-Chang<\/strong> que el <strong>diumenge 26 de febrer<\/strong> a la tarda (en l\u2019\u00faltima sessi\u00f3 de la Gala Internacional) reconeixer\u00e0 per votaci\u00f3 popular el mag, maga o grup m\u00e9s aplaudit pel p\u00fablic de les gales.&nbsp;<\/p>\n\n\n\n<p><strong>GALA SOLID\u00c0RIA DE M\u00c0GIA&nbsp;<\/strong><\/p>\n\n\n\n<p>El festival es clour\u00e0 el <strong>diumenge 5 de mar\u00e7<\/strong> amb la ja tradicional <strong>Gala Solid\u00e0ria de M\u00e0gia<\/strong> que reunir\u00e0 al Teatre Blas Infante la m\u00e0gia juvenil d\u2019un conjunt de mags: <strong>Aleix Ferrer, Magic Pol, Cesc Alriols<\/strong> i <strong>Set de m\u00e0gia<\/strong>. La presentaci\u00f3 anir\u00e0 a c\u00e0rrec del <strong>Mag Rovi<\/strong>, que hi aportar\u00e0 bones dosis d\u2019humor i ritme musical.&nbsp;<\/p>\n\n\n\n<p>Com \u00e9s habitual, entre els participants hi haur\u00e0 el guanyador del <strong>Premi Jove Li-Chang 2023<\/strong>, que enguany ha estat per <strong>Aleix Ferrer<\/strong>. Presentar\u00e0 un n\u00famero de m\u00e0gia modern, ple de sorpreses, on no nom\u00e9s se li apareixen cartes del no-res sin\u00f3 tamb\u00e9 complements amb els quals no sap qu\u00e8 fer, i tot plegat amb un resultat inexplicable. El <strong>Magic Pol<\/strong> far\u00e0 vibrar el p\u00fablic amb un show que combina humor i m\u00fasica i crea una experi\u00e8ncia \u00fanica. El jove mag de 14 anys <strong>Cesc Alriols<\/strong> firmar\u00e0 un impressionant n\u00famero de manipulaci\u00f3 de cartes i boles. Finalment, el duet <strong>Set de m\u00e0gia<\/strong>, amb carisma i capacitat d\u2019improvisaci\u00f3, amalgamaran m\u00e0gia, com\u00e8dia i bogeria.&nbsp;<\/p>\n\n\n\n<p>La recaptaci\u00f3 de la gala es destinar\u00e0, un any m\u00e9s, a <strong>Solidarim\u00e0gia<\/strong>, una iniciativa que acosta la m\u00e0gia a tothom i a tot arreu. Amb l\u2019edici\u00f3 d\u2019enguany el projecte tornar\u00e0 a Senegal per oferir els seus espectacles i tallers de m\u00e0gia als hospitals oncol\u00f2gics infantils, orfenats, leproseries de Dakar i a les escoles a\u00efllades al mig de la sabana africana, entre d\u2019altres.&nbsp;<\/p>\n\n\n\n<p><strong>ALTRES ACTIVITATS M\u00c0GIQUES&nbsp;<\/strong><\/p>\n\n\n\n<p>La programaci\u00f3 del 23\u00e8 Festival Internacional de M\u00e0gia de Badalona es completa amb un conjunt d\u2019activitats que tindran lloc en diferents punts de la ciutat com la <strong>Trobada de Mags de Catalunya (dissabte 4 de febrer) al Centre Comercial M\u00e0gic<\/strong>, que combinar\u00e0 una actuaci\u00f3 itinerant al mat\u00ed a c\u00e0rrec del <strong>Mag Raffael Fluss<\/strong> amb les actuacions de mags de les diferents associacions de m\u00e0gia de Catalunya, tant de m\u00e0gia de prop com d\u2019escena, a la tarda, recuperant el format previ a la pand\u00e8mia; l\u2019espectacle escolar <strong>\u2018100% M\u00e0gia\u2019 d\u2019Enric Magoo <\/strong>(dijous 8 i divendres 9 de febrer), amb les millors rutines m\u00e0giques i en qu\u00e8 combina magistralment jocs participatius i musicals que fan possible all\u00f2 que aparentment sembla impossible; la projecci\u00f3 de cinema familiar <strong>\u2018Les vides de Marona\u2019<\/strong> (diumenge 19 de febrer), que desbordant imaginaci\u00f3 i recursos visuals narra la hist\u00f2ria d\u2019una gosseta que recorda els diferents amos que ha tingut al llarg de la seva vida fent viatjar l\u2019espectador per diferents emocions; el <strong>Curs de m\u00e0gia i il\u00b7lusionisme per a docents<\/strong> impartit per <strong>Enric Magoo<\/strong> i <strong>Maty G\u00e1lvez<\/strong> durant sis sessions (entre el 7 de febrer i el 14 de mar\u00e7); el <strong>Taller de m\u00e0gia solidari per la Fundaci\u00f3 Acollida i Esperan\u00e7a <\/strong>(dissabtes 11 i 18 de febrer) a Can Ban\u00fas amb l\u2019Associaci\u00f3 <strong>\u201cBadalona Escola de M\u00e0gia\u201d;<\/strong> l\u2019activitat Literatura i m\u00e0gia a c\u00e0rrec <strong>d\u2019Adri\u00e0 Aguacil<\/strong> i <strong>Mag Alouette<\/strong> tindr\u00e0 lloc a l\u2019Escola Sant Jordi de Pomar (dijous 16 de febrer); i l\u2019actuaci\u00f3 <strong>\u2018ABRAKADABRA KKDVAK\u2019<\/strong> (dissabte 25 de febrer) a la llibreria Saltamart\u00ed amb el mag <strong>David Val\u00e8ncia<\/strong>.&nbsp;<\/p>\n\n\n\n<p>A m\u00e9s, s\u2019organitzaran altres activitats com els espectacles i tallers d\u2019aprenent de mag o maga que es duran a terme a les biblioteques i centres c\u00edvics (entre el 6 de febrer i el 3 de mar\u00e7), que recuperen el contacte m\u00e9s proper i directe amb la m\u00e0gia despr\u00e9s de l\u2019aturada per la Covid-19.&nbsp;<\/p>\n\n\n\n<p><strong>VENDA D\u2019ENTRADES&nbsp;<\/strong><\/p>\n\n\n\n<p>Les entrades dels espectacles als teatres municipals ja estan a la venda i es poden adquirir en l\u00ednia a trav\u00e9s del web <a href=\"http:\/\/www.teatrezorrilla.cat\">www.teatrezorrilla.cat<\/a> o b\u00e9 a les taquilles del Teatre Zorrilla, del Teatre Margarida Xirgu i del Teatre Blas Infante els dies que hi ha funci\u00f3. Per a m\u00e9s informaci\u00f3 sobre preus i descomptes es pot visitar la p\u00e0gina web del Teatre Zorrilla.&nbsp;<\/p>\n","protected":false},"excerpt":{"rendered":"<p>La 23a edici\u00f3 del Festival Internacional de M\u00e0gia de Badalona Memorial Li-Chang portar\u00e0, del 4 de febrer al 5 de mar\u00e7, el bo i millor del m\u00f3n de l\u2019il\u00b7lusionisme amb una programaci\u00f3 variada, cosmopolita i de qualitat. Anir\u00e0 a mans de reconeguts mags i magues, tant locals i nacionals com internacionals, vinguts de pa\u00efsos d\u2019arreu [&hellip;]<\/p>\n","protected":false},"author":2,"featured_media":4756,"comment_status":"open","ping_status":"open","sticky":false,"template":"","format":"standard","meta":{"footnotes":""},"categories":[23,25],"tags":[],"class_list":{"0":"post-4755","1":"post","2":"type-post","3":"status-publish","4":"format-standard","5":"has-post-thumbnail","7":"category-actualitat","8":"category-cultura"},"_links":{"self":[{"href":"https:\/\/areabadalona.com\/diario\/wp-json\/wp\/v2\/posts\/4755","targetHints":{"allow":["GET"]}}],"collection":[{"href":"https:\/\/areabadalona.com\/diario\/wp-json\/wp\/v2\/posts"}],"about":[{"href":"https:\/\/areabadalona.com\/diario\/wp-json\/wp\/v2\/types\/post"}],"author":[{"embeddable":true,"href":"https:\/\/areabadalona.com\/diario\/wp-json\/wp\/v2\/users\/2"}],"replies":[{"embeddable":true,"href":"https:\/\/areabadalona.com\/diario\/wp-json\/wp\/v2\/comments?post=4755"}],"version-history":[{"count":1,"href":"https:\/\/areabadalona.com\/diario\/wp-json\/wp\/v2\/posts\/4755\/revisions"}],"predecessor-version":[{"id":4757,"href":"https:\/\/areabadalona.com\/diario\/wp-json\/wp\/v2\/posts\/4755\/revisions\/4757"}],"wp:featuredmedia":[{"embeddable":true,"href":"https:\/\/areabadalona.com\/diario\/wp-json\/wp\/v2\/media\/4756"}],"wp:attachment":[{"href":"https:\/\/areabadalona.com\/diario\/wp-json\/wp\/v2\/media?parent=4755"}],"wp:term":[{"taxonomy":"category","embeddable":true,"href":"https:\/\/areabadalona.com\/diario\/wp-json\/wp\/v2\/categories?post=4755"},{"taxonomy":"post_tag","embeddable":true,"href":"https:\/\/areabadalona.com\/diario\/wp-json\/wp\/v2\/tags?post=4755"}],"curies":[{"name":"wp","href":"https:\/\/api.w.org\/{rel}","templated":true}]}}