{"id":4751,"date":"2023-02-03T11:24:32","date_gmt":"2023-02-03T11:24:32","guid":{"rendered":"https:\/\/areabadalona.com\/diario\/?p=4751"},"modified":"2023-02-06T11:25:33","modified_gmt":"2023-02-06T11:25:33","slug":"badalona-prepara-una-gran-festa-per-als-aficionats-al-basquet-que-visitin-la-ciutat-amb-motiu-de-la-copa-del-rei-2023","status":"publish","type":"post","link":"https:\/\/areabadalona.com\/diario\/2023\/02\/03\/badalona-prepara-una-gran-festa-per-als-aficionats-al-basquet-que-visitin-la-ciutat-amb-motiu-de-la-copa-del-rei-2023\/","title":{"rendered":"Badalona prepara una gran festa per als aficionats al b\u00e0squet que visitin la ciutat amb motiu de la Copa del Rei 2023\u00a0"},"content":{"rendered":"\n<p>L&#8217;Ajuntament de Badalona, els patrocinadors i els prove\u00efdors de la Copa del Rei de b\u00e0squet 2023 han preparat del 16 al 19 de febrer una agenda plena d\u2019activitats diverses per als milers d&#8217;aficionats al b\u00e0squet que arribaran a la ciutat, per\u00f2 tamb\u00e9 per a la gent de Badalona i rodalies.&nbsp;<\/p>\n\n\n\n<p><strong>La Jaula Movistar<\/strong> ser\u00e0 protagonista a la Copa del Rei. La Fan Zone Movistar vibrar\u00e0 amb una pista urbana espectacular plena de contingut: batucades, concursos d\u2019esmatxades, Copa Movistar 3&#215;3 de les aficions, una gran Block party (batalla de ball urb\u00e0) el diumenge 19\u2026 i molt m\u00e9s.&nbsp;<\/p>\n\n\n\n<p><strong>M\u00fasica TOP<\/strong>. La Copa del Rei es viur\u00e0 al ritme del <strong>Jard\u00edn de las Delicias by Endesa<\/strong> amb actuacions destacades en un gran escenari davant el Palau Municipal d\u2019Esports, en la Fan Zone Movistar. DJ Nano, Coti i altres artistes faran concerts dijous, divendres, dissabte i diumenge abans dels partits, i diversos DJs continuaran donant ritme a l&#8217;esdeveniment durant hores i el dissabte fins a la matinada.&nbsp;<\/p>\n\n\n\n<p>Tamb\u00e9 hi haur\u00e0 diversi\u00f3 per a tots els p\u00fablics a la Fan Zone Movistar a la Rambla del Gorg amb els <strong>espais d&#8217;Endesa<\/strong>, amb zones de tir a cistella, <em>challenge<\/em> de punteria i habilitats de b\u00e0squet, <strong>Toyota<\/strong>, amb un estand amb videojocs i basket, <strong>Divina Seguros<\/strong>, amb llits el\u00e0stics i cistelles, <strong>Spalding<\/strong>, amb botiga de Marxandatge, i espais de <strong>Baskonia, Club Joventut Badalona <\/strong>i<strong> Valencia Basket<\/strong> per als seus aficionats. No faltar\u00e0 tampoc un lloc per a <strong>l&#8217;app Districte acb<\/strong> <strong>i un repte de salt<\/strong> per a descobrir qui arriba m\u00e9s amunt cada dia i emportar-se grans premis. A Llefi\u00e0, al costat de la Minicopa Endesa, <strong>Endesa<\/strong> i <strong>Kellogg\u2019s<\/strong> tindran una zona destacada al parc del Gran Sol.&nbsp;<\/p>\n\n\n\n<p><strong>Trobada de les aficions<\/strong>. El \u2018momentazo\u2019 de cada Copa del Rei ser\u00e0 enguany el dissabte 18, a partir de les 11.30 hores, amb inici a la Rambla del Gorg. Aqu\u00ed arrencar\u00e0 el recorregut de totes les aficions gaudint juntes d&#8217;una manera \u00fanica de viure l&#8217;esport. I en acabar, tradici\u00f3: exhibici\u00f3 dels Castellers de Badalona.&nbsp;<\/p>\n\n\n\n<p>A la Fan Zone Movistar hi haur\u00e0 <strong>Food Trucks<\/strong> i barres enfront del pavell\u00f3, abans, durant i al final dels partits i l&#8217;Ajuntament de Badalona organitzar\u00e0 aqu\u00ed mateix una <strong>Fira Gastron\u00f2mica<\/strong> juntament amb l&#8217;Associaci\u00f3 d&#8217;Hostalers de Badalona. Tamb\u00e9 hi haur\u00e0 Food Trucks al costat de la Minicopa Endesa, al parc del Gran Sol.&nbsp;<\/p>\n\n\n\n<p><strong>La Nit de la Copa<\/strong> ser\u00e0 un altre moment destacat. L&#8217;Ajuntament de Badalona ha organitzat una gran festa la nit del divendres al dissabte (0 a 4h) al pol\u00edgon de Can Rib\u00f3, on estan situades les principals discoteques de la ciutat. Concerts en directe, animaci\u00f3, parades de menjar i molt m\u00e9s, amb transport gratu\u00eft des de l\u2019Ol\u00edmpic.&nbsp;<\/p>\n\n\n\n<p>La Copa ja ha comen\u00e7at a la pla\u00e7a de Pompeu Fabra amb una <strong>exposici\u00f3 de fotos al carrer<\/strong> amb 40 imatges ic\u00f2niques i espectaculars de b\u00e0squet a trav\u00e9s de l&#8217;objectiu \u00fanic de tres hist\u00f2rics: els badalonins Josep Llu\u00eds Surrall\u00e9s i Miquel \u00c0ngel Forni\u00e9s i el malagueny Mariano Pozo, fotoperiodistes que han viscut tota la hist\u00f2ria de l\u2019acb.\u00a0<\/p>\n\n\n\n<div><a href=\"https:\/\/areabadalona.com\/diario\/wp-content\/uploads\/2023\/02\/COPA-DEL-REI_PLANOL_IMATGE-NP-1024x806.jpg\" class=\"td-modal-image\"><figure class=\"wp-block-image size-large\"><img loading=\"lazy\" decoding=\"async\" width=\"1024\" height=\"806\" src=\"https:\/\/areabadalona.com\/diario\/wp-content\/uploads\/2023\/02\/COPA-DEL-REI_PLANOL_IMATGE-NP-1024x806.jpg\" alt=\"\" class=\"wp-image-4752\" srcset=\"https:\/\/areabadalona.com\/diario\/wp-content\/uploads\/2023\/02\/COPA-DEL-REI_PLANOL_IMATGE-NP-1024x806.jpg 1024w, https:\/\/areabadalona.com\/diario\/wp-content\/uploads\/2023\/02\/COPA-DEL-REI_PLANOL_IMATGE-NP-300x236.jpg 300w, https:\/\/areabadalona.com\/diario\/wp-content\/uploads\/2023\/02\/COPA-DEL-REI_PLANOL_IMATGE-NP-768x605.jpg 768w, https:\/\/areabadalona.com\/diario\/wp-content\/uploads\/2023\/02\/COPA-DEL-REI_PLANOL_IMATGE-NP-150x118.jpg 150w, https:\/\/areabadalona.com\/diario\/wp-content\/uploads\/2023\/02\/COPA-DEL-REI_PLANOL_IMATGE-NP-696x548.jpg 696w, https:\/\/areabadalona.com\/diario\/wp-content\/uploads\/2023\/02\/COPA-DEL-REI_PLANOL_IMATGE-NP-1068x841.jpg 1068w, https:\/\/areabadalona.com\/diario\/wp-content\/uploads\/2023\/02\/COPA-DEL-REI_PLANOL_IMATGE-NP.jpg 1200w\" sizes=\"auto, (max-width: 1024px) 100vw, 1024px\" \/><\/figure><\/a><\/div>\n\n\n\n<p><strong>ELS ESPAIS DE LA COPA DEL REI BADALONA 2023&nbsp;<\/strong><\/p>\n\n\n\n<p>La Copa del Rei prendr\u00e0 Badalona, amb diversos punts clau repartits per la ciutat i connectats amb llan\u00e7adores gratu\u00eftes entre totes les zones.&nbsp;<\/p>\n\n\n\n<p><strong>Palau Municipal d\u2019Esports<\/strong>. El pavell\u00f3 on tindr\u00e0 lloc tot l&#8217;espectacle de la Copa del Rei: set grans partits per a con\u00e8ixer el campi\u00f3. I el diumenge a les 13 hores, la final de la Minicopa Endesa.&nbsp;<\/p>\n\n\n\n<p><strong>Fan Zone Movistar, a la pla\u00e7a del President Tarradellas i a la Rambla del Gorg<\/strong> (enfront del Palau Municipal d\u2019Esports). Obrir\u00e0 de dijous a diumenge a partir de les 11 hores, amb activitats fins a les 18 hores (18.30 hores el diumenge). Els Food Trucks, barres i espais gastron\u00f2mics s&#8217;obriran tamb\u00e9 entre els partits i a la conclusi\u00f3 dels partits.&nbsp;<\/p>\n\n\n\n<p><strong>Fan Zone Movistar, a la pla\u00e7a de Pompeu Fabra<\/strong>. Una exposici\u00f3 de fotos hist\u00f2riques acb al centre de Badalona, al costat d&#8217;un torneig 3&#215;3 infantil i altres activitats i exposicions.&nbsp;<\/p>\n\n\n\n<p><strong>Poliesportiu Llefi\u00e0<\/strong>. All\u00e0 es jugar\u00e0 la Minicopa Endesa entre el 15 i el 19 de febrer. Els millors equips infantils donaran espectacle des del dimecres 15 a les 14.30 hores. El dissabte 18, les semifinals. <a href=\"https:\/\/acb.com\/articulo\/ver\/386628-asi-queda-el-calendario-de-la-minicopa-endesa-badalona-2023.html\">Veure calendari<\/a>.&nbsp;<\/p>\n\n\n\n<p><strong>Fan Zone Minicopa Endesa<\/strong>. Al costat del Poliesportiu Llefi\u00e0, al parc del Gran Sol, s&#8217;organitzar\u00e0 una Fan Zone amb activitats i Food Trucks. El dissabte 18, block party Kids amb ball urb\u00e0.&nbsp;<\/p>\n\n\n\n<p><strong>Zona d&#8217;activaci\u00f3 a Can Rib\u00f3<\/strong> (carrer de Ramon Mart\u00ed i Alsina). L&#8217;Ajuntament de Badalona organitzar\u00e0 \u2018La Nit de la Copa\u2019 durant la nit del divendres al dissabte (0 a 4h) al pol\u00edgon Can Rib\u00f3, on es troben les principals discoteques de la ciutat.&nbsp;<\/p>\n\n\n\n<p><strong>Zona d&#8217;activaci\u00f3 al barri de Montigal\u00e0 (parc de les Muntanyetes)<\/strong>. L&#8217;Ajuntament de Badalona muntar\u00e0 una zona en aquest barri en el qual hi haur\u00e0 una pista de minib\u00e0squet, diferents tallers de b\u00e0squet, concursos\u2026&nbsp;<\/p>\n","protected":false},"excerpt":{"rendered":"<p>L&#8217;Ajuntament de Badalona, els patrocinadors i els prove\u00efdors de la Copa del Rei de b\u00e0squet 2023 han preparat del 16 al 19 de febrer una agenda plena d\u2019activitats diverses per als milers d&#8217;aficionats al b\u00e0squet que arribaran a la ciutat, per\u00f2 tamb\u00e9 per a la gent de Badalona i rodalies.&nbsp; La Jaula Movistar ser\u00e0 protagonista [&hellip;]<\/p>\n","protected":false},"author":2,"featured_media":4753,"comment_status":"open","ping_status":"open","sticky":false,"template":"","format":"standard","meta":{"footnotes":""},"categories":[23,26],"tags":[],"class_list":{"0":"post-4751","1":"post","2":"type-post","3":"status-publish","4":"format-standard","5":"has-post-thumbnail","7":"category-actualitat","8":"category-esports"},"_links":{"self":[{"href":"https:\/\/areabadalona.com\/diario\/wp-json\/wp\/v2\/posts\/4751","targetHints":{"allow":["GET"]}}],"collection":[{"href":"https:\/\/areabadalona.com\/diario\/wp-json\/wp\/v2\/posts"}],"about":[{"href":"https:\/\/areabadalona.com\/diario\/wp-json\/wp\/v2\/types\/post"}],"author":[{"embeddable":true,"href":"https:\/\/areabadalona.com\/diario\/wp-json\/wp\/v2\/users\/2"}],"replies":[{"embeddable":true,"href":"https:\/\/areabadalona.com\/diario\/wp-json\/wp\/v2\/comments?post=4751"}],"version-history":[{"count":1,"href":"https:\/\/areabadalona.com\/diario\/wp-json\/wp\/v2\/posts\/4751\/revisions"}],"predecessor-version":[{"id":4754,"href":"https:\/\/areabadalona.com\/diario\/wp-json\/wp\/v2\/posts\/4751\/revisions\/4754"}],"wp:featuredmedia":[{"embeddable":true,"href":"https:\/\/areabadalona.com\/diario\/wp-json\/wp\/v2\/media\/4753"}],"wp:attachment":[{"href":"https:\/\/areabadalona.com\/diario\/wp-json\/wp\/v2\/media?parent=4751"}],"wp:term":[{"taxonomy":"category","embeddable":true,"href":"https:\/\/areabadalona.com\/diario\/wp-json\/wp\/v2\/categories?post=4751"},{"taxonomy":"post_tag","embeddable":true,"href":"https:\/\/areabadalona.com\/diario\/wp-json\/wp\/v2\/tags?post=4751"}],"curies":[{"name":"wp","href":"https:\/\/api.w.org\/{rel}","templated":true}]}}