{"id":4748,"date":"2023-02-02T11:22:21","date_gmt":"2023-02-02T11:22:21","guid":{"rendered":"https:\/\/areabadalona.com\/diario\/?p=4748"},"modified":"2023-02-06T11:23:16","modified_gmt":"2023-02-06T11:23:16","slug":"avancen-les-obres-de-construccio-dels-primers-250-metres-del-canal-del-gorg-de-badalona","status":"publish","type":"post","link":"https:\/\/areabadalona.com\/diario\/2023\/02\/02\/avancen-les-obres-de-construccio-dels-primers-250-metres-del-canal-del-gorg-de-badalona\/","title":{"rendered":"Avancen les obres de construcci\u00f3 dels primers 250 metres del Canal del Gorg de Badalona\u00a0"},"content":{"rendered":"\n<p>L\u2019alcalde de Badalona i president de Marina de Badalona SA, Rub\u00e9n Guijarro, ha visitat aquest mat\u00ed les obres de construcci\u00f3 dels 250 primers metres del canal del Gorg i les obres per a la plataforma que, de manera provisional, haur\u00e0 d\u2019acollir el desviament de la via de ferrocarril mentre es construeix el viaducte definitiu que permetr\u00e0 el pas del tren per sobre del futur canal. La previsi\u00f3 \u00e9s que les obres del canal finalitzin l\u2019any 2024.&nbsp;<\/p>\n\n\n\n<p>L\u2019alcalde ha estat acompanyat pel vicepresident de la societat i sis\u00e8 tinent d\u2019alcalde, Christian Carneado, la regidora del districte 7, Anna M. Lara; la presidenta de l\u2019AVV del Gorg, Teresa Vinuesa, el gerent de Marina de Badalona, Imanol Sanz i el personal t\u00e8cnic a c\u00e0rrec de les obres.&nbsp;<\/p>\n\n\n\n<p>En aquesta \u00e0rea es retiren i es draguen m\u00e9s de 26.000 m<sup>3<\/sup> de sorra. Les terres actuals (que s\u00f3n reblerts d\u2019antics abocaments no aptes per a l\u2019\u00fas urb\u00e0 al qual est\u00e0 destinat aquest espai) s\u2019han garbellat i separat abans de transportar-les a un abocador. Part d\u2019aquestes terres extretes per a la construcci\u00f3 del canal es traslladen fins a reposar la cota del terreny actual en la zona destinada al desviament del ferrocarril i que \u00e9s imprescindible per no interrompre el servei mentre es construeix el viaducte definitiu. &nbsp;<\/p>\n\n\n\n<p>D\u2019acord amb el passat hist\u00f2ric de l\u2019espai ocupat per ind\u00fastries pesants, amb les obres de construcci\u00f3 del canal del Gorg emergeixen del subsol sorres barrejades amb aigua impactades amb hidrocarburs i tamb\u00e9 per altres elements, que s&#8217;estan tractant adequadament perqu\u00e8 siguin compatibles amb un \u00fas urb\u00e0 i acompleixin tots els criteris mediambientals. En aquest sentit, la delegaci\u00f3 municipal encap\u00e7alada per l\u2019alcalde ha comprovat l\u2019aven\u00e7 en la implementaci\u00f3 de la conducci\u00f3 d&#8217;una canonada de 250 metres que permetr\u00e0 la recirculaci\u00f3 tota l&#8217;aigua de l\u2019espai on s\u2019est\u00e0 actuant actualment, \u00e9s a dir; des de l\u2019inici del canal fins al final del Moll Nord del Port de Badalona. Aquesta mesura ambiental permetr\u00e0 tenir una renovaci\u00f3 controlada d\u2019aquestes aig\u00fces fins que, un cop fet el viaducte, es connecti el canal amb la d\u00e0rsena principal. &nbsp;<\/p>\n\n\n\n<p>Despr\u00e9s de la visita, l\u2019alcalde s\u2019ha mostrat satisfet per com estan avan\u00e7ant les obres i ha explicat que \u201chem pogut comprovar sobre el terreny que s\u2019estan complint els darrers terminis i les obres van a bon ritme. Amb la visibilitat de l\u2019aigua ja ens podem fer una idea de com ser\u00e0 ben aviat el Canal d\u2019aigua del Gorg, un projecte que suposa un gran impuls urban\u00edstic per a la ciutat\u201d.&nbsp;<\/p>\n\n\n\n<p>El projecte suposar\u00e0 una inversi\u00f3 p\u00fablica de m\u00e9s de 12 milions d\u2019euros, dels quals 8,5 s\u00f3n a c\u00e0rrec de Marina Badalona i 3,8 a c\u00e0rrec de l\u2019Ajuntament.&nbsp;<\/p>\n","protected":false},"excerpt":{"rendered":"<p>L\u2019alcalde de Badalona i president de Marina de Badalona SA, Rub\u00e9n Guijarro, ha visitat aquest mat\u00ed les obres de construcci\u00f3 dels 250 primers metres del canal del Gorg i les obres per a la plataforma que, de manera provisional, haur\u00e0 d\u2019acollir el desviament de la via de ferrocarril mentre es construeix el viaducte definitiu que [&hellip;]<\/p>\n","protected":false},"author":2,"featured_media":4749,"comment_status":"open","ping_status":"open","sticky":false,"template":"","format":"standard","meta":{"footnotes":""},"categories":[23],"tags":[],"class_list":{"0":"post-4748","1":"post","2":"type-post","3":"status-publish","4":"format-standard","5":"has-post-thumbnail","7":"category-actualitat"},"_links":{"self":[{"href":"https:\/\/areabadalona.com\/diario\/wp-json\/wp\/v2\/posts\/4748","targetHints":{"allow":["GET"]}}],"collection":[{"href":"https:\/\/areabadalona.com\/diario\/wp-json\/wp\/v2\/posts"}],"about":[{"href":"https:\/\/areabadalona.com\/diario\/wp-json\/wp\/v2\/types\/post"}],"author":[{"embeddable":true,"href":"https:\/\/areabadalona.com\/diario\/wp-json\/wp\/v2\/users\/2"}],"replies":[{"embeddable":true,"href":"https:\/\/areabadalona.com\/diario\/wp-json\/wp\/v2\/comments?post=4748"}],"version-history":[{"count":1,"href":"https:\/\/areabadalona.com\/diario\/wp-json\/wp\/v2\/posts\/4748\/revisions"}],"predecessor-version":[{"id":4750,"href":"https:\/\/areabadalona.com\/diario\/wp-json\/wp\/v2\/posts\/4748\/revisions\/4750"}],"wp:featuredmedia":[{"embeddable":true,"href":"https:\/\/areabadalona.com\/diario\/wp-json\/wp\/v2\/media\/4749"}],"wp:attachment":[{"href":"https:\/\/areabadalona.com\/diario\/wp-json\/wp\/v2\/media?parent=4748"}],"wp:term":[{"taxonomy":"category","embeddable":true,"href":"https:\/\/areabadalona.com\/diario\/wp-json\/wp\/v2\/categories?post=4748"},{"taxonomy":"post_tag","embeddable":true,"href":"https:\/\/areabadalona.com\/diario\/wp-json\/wp\/v2\/tags?post=4748"}],"curies":[{"name":"wp","href":"https:\/\/api.w.org\/{rel}","templated":true}]}}