{"id":4745,"date":"2023-02-03T12:42:35","date_gmt":"2023-02-03T12:42:35","guid":{"rendered":"https:\/\/areabadalona.com\/diario\/?p=4745"},"modified":"2023-02-03T12:42:36","modified_gmt":"2023-02-03T12:42:36","slug":"badalona-acollira-el-diumenge-26-de-marc-la-primera-prova-del-circuito-de-carreras-ponle-freno-2023","status":"publish","type":"post","link":"https:\/\/areabadalona.com\/diario\/2023\/02\/03\/badalona-acollira-el-diumenge-26-de-marc-la-primera-prova-del-circuito-de-carreras-ponle-freno-2023\/","title":{"rendered":"Badalona acollir\u00e0 el diumenge 26 de mar\u00e7 la primera prova del <em>Circuito de Carreras PONLE FRENO 2023<\/em>\u00a0"},"content":{"rendered":"\n<p>Avui ha tingut lloc a Madrid l\u2019acte de presentaci\u00f3 del calendari del <strong><em>Circuito de Carreras de PONLE FRENO<\/em><\/strong><em>, <\/em>punt de trobada de les ciutats compromeses amb la Seguretat Vi\u00e0ria que impulsa ATRESMEDIA i la Fundaci\u00f3 AXA. La ciutat de <strong>Badalona, el pr\u00f2xim 26 de mar\u00e7<\/strong> ser\u00e0 el primer escenari d\u2019aquest esdeveniment, a continuaci\u00f3 Saragossa (14 de maig), M\u00e0laga (10 de juny), Val\u00e8ncia (17 de juny), Pontevedra (26 de juny), Vit\u00f2ria (24 de setembre), Santander (1 d&#8217;octubre), Madrid (19 de novembre) i finalitzar\u00e0 a Las Palmas de Gran Can\u00e0ria (17 de desembre).&nbsp;<\/p>\n\n\n\n<p>En totes les ciutats es podr\u00e0 participar en la modalitat de 5 o 10 quil\u00f2metres i hi haur\u00e0 tamb\u00e9 curses infantils, excepte en la prova de Madrid. A m\u00e9s, les edicions corresponents a M\u00e0laga, Val\u00e8ncia i Pontevedra seran proves nocturnes, una novetat m\u00e9s en 2023, ja que s&#8217;incrementa el nombre de convocat\u00f2ries en aquesta modalitat.&nbsp;<\/p>\n\n\n\n<p>Informaci\u00f3 sobre la prova a Badalona&nbsp;<\/p>\n\n\n\n<figure class=\"wp-block-embed\"><div class=\"wp-block-embed__wrapper\">\nhttps:\/\/www.rockthesport.com\/es\/evento\/ponle-freno-badalona-2023\n<\/div><\/figure>\n\n\n\n<p><strong>Finalitat solid\u00e0ria&nbsp;<\/strong><\/p>\n\n\n\n<p>La recaptaci\u00f3 que s&#8217;aconsegueix gr\u00e0cies a les inscripcions de les carreres i que es destina, des del principi i de manera \u00edntegra, a projectes en suport a v\u00edctimes d&#8217;accidents de tr\u00e0nsit, \u00e9s un clar exemple que reflecteix la filosofia amb la qual va n\u00e9ixer aquesta iniciativa de traspassar les pantalles i les ones per a crear un impacte directe en la societat. L&#8217;any passat, el Circuit de Carreras PONLE FRENO va tancar 2022 amb una recaptaci\u00f3 de m\u00e9s de 220.000 euros a favor d&#8217;aquests projectes i va assolir m\u00e9s de 23.000 inscrits en les seves convocat\u00f2ries.&nbsp;<\/p>\n\n\n\n<p><strong>Acte de presentaci\u00f3&nbsp;<\/strong><\/p>\n\n\n\n<p>A la presentaci\u00f3 de la nova edici\u00f3 del <strong>Circuito de Carreras de PONLE FRENO<\/strong> han estat presents els representants de les ciutats participants aix\u00ed com Mart\u00edn Fiz, campi\u00f3 del m\u00f3n de marat\u00f3; Manu S\u00e1nchez, director de \u2018Not\u00edcies de la ma\u00f1ana\u201d d&#8217;Antena 3 i amb la novetat enguany d\u2019Abel Ant\u00f3n, campi\u00f3 del m\u00f3n de marat\u00f3.&nbsp;<\/p>\n\n\n\n<p>En representaci\u00f3 de l\u2019Ajuntament de Badalona ha estat a l\u2019acte de presentaci\u00f3 la quarta tinent d&#8217;Alcaldia i regidora de l&#8217;\u00c0mbit de Territori, Habitatge, Salut i Esports de l&#8217;Ajuntament de Badalona, Teresa Gonz\u00e1lez. La regidora ha remarcat que: \u201cestem orgullosos que Badalona, sigui una vegada m\u00e9s, el punt de partida d\u2019aquesta iniciativa tan important i amb tanta rellev\u00e0ncia que uneix l\u2019esport amb una noble causa com \u00e9s la conscienciaci\u00f3 sobre la Seguretat Vial\u201d. \u201cBadalona \u00e9s una ciutat que connecta esport i salut, i en aquest cas encara \u00e9s m\u00e9s forta aquesta connexi\u00f3 perqu\u00e8 si la iniciativa Ponle Freno remarca la import\u00e0ncia de la prevenci\u00f3 i la seguretat vi\u00e0ria, hem de recordar que a la ciutat tenim l\u2019Institut Guttman una refer\u00e8ncia mundial en el tractament i rehabilitaci\u00f3 de les persones que han estat v\u00edctimes d\u2019accidents de tr\u00e0nsit\u201d.&nbsp;<\/p>\n","protected":false},"excerpt":{"rendered":"<p>Avui ha tingut lloc a Madrid l\u2019acte de presentaci\u00f3 del calendari del Circuito de Carreras de PONLE FRENO, punt de trobada de les ciutats compromeses amb la Seguretat Vi\u00e0ria que impulsa ATRESMEDIA i la Fundaci\u00f3 AXA. La ciutat de Badalona, el pr\u00f2xim 26 de mar\u00e7 ser\u00e0 el primer escenari d\u2019aquest esdeveniment, a continuaci\u00f3 Saragossa (14 [&hellip;]<\/p>\n","protected":false},"author":1,"featured_media":4746,"comment_status":"open","ping_status":"open","sticky":false,"template":"","format":"standard","meta":{"footnotes":""},"categories":[23,26],"tags":[],"class_list":{"0":"post-4745","1":"post","2":"type-post","3":"status-publish","4":"format-standard","5":"has-post-thumbnail","7":"category-actualitat","8":"category-esports"},"_links":{"self":[{"href":"https:\/\/areabadalona.com\/diario\/wp-json\/wp\/v2\/posts\/4745","targetHints":{"allow":["GET"]}}],"collection":[{"href":"https:\/\/areabadalona.com\/diario\/wp-json\/wp\/v2\/posts"}],"about":[{"href":"https:\/\/areabadalona.com\/diario\/wp-json\/wp\/v2\/types\/post"}],"author":[{"embeddable":true,"href":"https:\/\/areabadalona.com\/diario\/wp-json\/wp\/v2\/users\/1"}],"replies":[{"embeddable":true,"href":"https:\/\/areabadalona.com\/diario\/wp-json\/wp\/v2\/comments?post=4745"}],"version-history":[{"count":1,"href":"https:\/\/areabadalona.com\/diario\/wp-json\/wp\/v2\/posts\/4745\/revisions"}],"predecessor-version":[{"id":4747,"href":"https:\/\/areabadalona.com\/diario\/wp-json\/wp\/v2\/posts\/4745\/revisions\/4747"}],"wp:featuredmedia":[{"embeddable":true,"href":"https:\/\/areabadalona.com\/diario\/wp-json\/wp\/v2\/media\/4746"}],"wp:attachment":[{"href":"https:\/\/areabadalona.com\/diario\/wp-json\/wp\/v2\/media?parent=4745"}],"wp:term":[{"taxonomy":"category","embeddable":true,"href":"https:\/\/areabadalona.com\/diario\/wp-json\/wp\/v2\/categories?post=4745"},{"taxonomy":"post_tag","embeddable":true,"href":"https:\/\/areabadalona.com\/diario\/wp-json\/wp\/v2\/tags?post=4745"}],"curies":[{"name":"wp","href":"https:\/\/api.w.org\/{rel}","templated":true}]}}