{"id":4742,"date":"2023-02-03T12:29:50","date_gmt":"2023-02-03T12:29:50","guid":{"rendered":"https:\/\/areabadalona.com\/diario\/?p=4742"},"modified":"2023-02-03T12:38:28","modified_gmt":"2023-02-03T12:38:28","slug":"lajuntament-de-badalona-realitza-una-jornada-de-treball-per-fomentar-que-els-punts-lila-arribin-a-mes-gent","status":"publish","type":"post","link":"https:\/\/areabadalona.com\/diario\/2023\/02\/03\/lajuntament-de-badalona-realitza-una-jornada-de-treball-per-fomentar-que-els-punts-lila-arribin-a-mes-gent\/","title":{"rendered":"L\u2019Ajuntament de Badalona realitza una jornada de treball per fomentar que els Punts Lila arribin a m\u00e9s gent \u00a0"},"content":{"rendered":"\n<p>La sala de premsa de l\u2019Edifici El Viver ha acollit aquest dijous al mat\u00ed una jornada de treball per fer balan\u00e7 del servei del Punt Lila ofert a Badalona durant l\u2019any 2022, detectar les fortaleses i les possibles millores i definir les eines que es poden aplicar per ampliar la prestaci\u00f3 i fomentar que la ciutadania conegui i faci \u00fas del servei quan sigui necessari. La trobada&nbsp; ha comptat amb la pres\u00e8ncia&nbsp; de la segona tinenta d&#8217;Alcaldia i regidora de l&#8217;\u00c0mbit d&#8217;Educaci\u00f3, Feminismes i LGTBIQ+, Ciutadania, Participaci\u00f3 i Agenda 2030, A\u00efda Llaurad\u00f3, personal t\u00e8cnic municipal de diferents \u00e0rees de l\u2019Ajuntament i representants de l\u2019empresa concession\u00e0ria. &nbsp;<\/p>\n\n\n\n<p>En la reuni\u00f3 s\u2019ha valorat positivament la feina transversal entre tots els departaments de l\u2019Ajuntament implicats, les treballadores del servei, Protecci\u00f3 Civil, Mossos d\u2019Esquadra i Gu\u00e0rdia Urbana, que ha perm\u00e8s que organitzativament els Punts Liles hagin estat exitosos i s\u2019hagin assolit els objectius marcats. Tamb\u00e9 s\u2019ha destacat la seva implantaci\u00f3, ja que s\u2019ha convertit en una eina que la ciutadania coneix cada cop m\u00e9s i que est\u00e0 present en els principals esdeveniments festius de Badalona. &nbsp;Amb la finalitat de ser m\u00e9s efectius i consolidar el servei, s\u2019ha remarcat tamb\u00e9 la import\u00e0ncia de millorar la megafonia dels punts instal\u00b7lats al carrer i la difusi\u00f3 pr\u00e8via. &nbsp;<\/p>\n\n\n\n<p><strong>Catorze serveis anuals&nbsp;<\/strong><\/p>\n\n\n\n<p>L\u2019Ajuntament de Badalona va licitar el passat 2022 el servei de Punts Liles amb un contracte de dos anys amb un m\u00e9s de pr\u00f2rroga. La licitaci\u00f3 preveu la instal\u00b7laci\u00f3 de catorze Punts Liles anuals, amb una durada de 7 hores per servei. Cadascun dels punts compta amb dues agents d\u2019igualtat dinamitzant-lo que tenen com a funci\u00f3 b\u00e0sica informar, atendre, sensibilitzar i prevenir les viol\u00e8ncies masclistes i lgtbiq+f\u00f2biques als espais d\u2019oci. Concretament, l\u2019any passat a Badalona el servei es va oferir durant les Festes de Maig, la nit de Sant Joan, els concerts del Festival de M\u00fasica Gran Sol,&nbsp; la celebraci\u00f3 dels 50 anys d&#8217;una entitat juvenil, el Dia de l&#8217;Orgull, la Festa Major d\u2019Agost i les nits del 24 i 31 de desembre.&nbsp;<\/p>\n\n\n\n<p>La segona tinenta d\u2019Alcaldia i regidora de l\u2019\u00c0mbit d\u2019Educaci\u00f3, Feminismes i LGTBIQ+, Ciutadania, Participaci\u00f3 i Agenda 2030 de l\u2019Ajuntament de Badalona, A\u00efda Llaurad\u00f3, ha explicat durant la trobada que \u201cel balan\u00e7 que fem \u00e9s positiu i estem molt satisfetes tamb\u00e9 amb el retorn que ens fan les persones usu\u00e0ries del servei\u201d. Llaurad\u00f3 ha avan\u00e7at que \u201cestem treballant amb els i les representants de l\u2019oci nocturn de la ciutat per dissenyar estrat\u00e8gies conjuntes que garanteixin espais d\u2019oci lliures de viol\u00e8ncies i tamb\u00e9 per dotar a les persones que treballen de les eines, circuits i formaci\u00f3 necess\u00e0ria en aquest \u00e0mbit\u201d. \u201cA m\u00e9s, estem en tr\u00e0mits per adherir-nos al Protocol de seguretat contra les viol\u00e8ncies sexuals en entorns d\u2019oci i tenim el comprom\u00eds de continuar treballant perqu\u00e8 Badalona sigui la ciutat lliure de viol\u00e8ncies masclistes i lgtbiq+f\u00f2bqiues que tant les dones com la ciutadania mereixen\u201d.&nbsp;<\/p>\n","protected":false},"excerpt":{"rendered":"<p>La sala de premsa de l\u2019Edifici El Viver ha acollit aquest dijous al mat\u00ed una jornada de treball per fer balan\u00e7 del servei del Punt Lila ofert a Badalona durant l\u2019any 2022, detectar les fortaleses i les possibles millores i definir les eines que es poden aplicar per ampliar la prestaci\u00f3 i fomentar que la [&hellip;]<\/p>\n","protected":false},"author":1,"featured_media":4744,"comment_status":"open","ping_status":"open","sticky":false,"template":"","format":"standard","meta":{"footnotes":""},"categories":[23],"tags":[],"class_list":{"0":"post-4742","1":"post","2":"type-post","3":"status-publish","4":"format-standard","5":"has-post-thumbnail","7":"category-actualitat"},"_links":{"self":[{"href":"https:\/\/areabadalona.com\/diario\/wp-json\/wp\/v2\/posts\/4742","targetHints":{"allow":["GET"]}}],"collection":[{"href":"https:\/\/areabadalona.com\/diario\/wp-json\/wp\/v2\/posts"}],"about":[{"href":"https:\/\/areabadalona.com\/diario\/wp-json\/wp\/v2\/types\/post"}],"author":[{"embeddable":true,"href":"https:\/\/areabadalona.com\/diario\/wp-json\/wp\/v2\/users\/1"}],"replies":[{"embeddable":true,"href":"https:\/\/areabadalona.com\/diario\/wp-json\/wp\/v2\/comments?post=4742"}],"version-history":[{"count":1,"href":"https:\/\/areabadalona.com\/diario\/wp-json\/wp\/v2\/posts\/4742\/revisions"}],"predecessor-version":[{"id":4743,"href":"https:\/\/areabadalona.com\/diario\/wp-json\/wp\/v2\/posts\/4742\/revisions\/4743"}],"wp:featuredmedia":[{"embeddable":true,"href":"https:\/\/areabadalona.com\/diario\/wp-json\/wp\/v2\/media\/4744"}],"wp:attachment":[{"href":"https:\/\/areabadalona.com\/diario\/wp-json\/wp\/v2\/media?parent=4742"}],"wp:term":[{"taxonomy":"category","embeddable":true,"href":"https:\/\/areabadalona.com\/diario\/wp-json\/wp\/v2\/categories?post=4742"},{"taxonomy":"post_tag","embeddable":true,"href":"https:\/\/areabadalona.com\/diario\/wp-json\/wp\/v2\/tags?post=4742"}],"curies":[{"name":"wp","href":"https:\/\/api.w.org\/{rel}","templated":true}]}}