{"id":4739,"date":"2023-02-03T11:53:21","date_gmt":"2023-02-03T11:53:21","guid":{"rendered":"https:\/\/areabadalona.com\/diario\/?p=4739"},"modified":"2023-02-03T11:53:22","modified_gmt":"2023-02-03T11:53:22","slug":"les-actuacions-de-magia-protagonitzen-aquest-mes-de-febrer-bona-part-de-les-activitats-de-la-xarxa-municipal-de-biblioteques-de-badalona","status":"publish","type":"post","link":"https:\/\/areabadalona.com\/diario\/2023\/02\/03\/les-actuacions-de-magia-protagonitzen-aquest-mes-de-febrer-bona-part-de-les-activitats-de-la-xarxa-municipal-de-biblioteques-de-badalona\/","title":{"rendered":"Les actuacions de m\u00e0gia protagonitzen aquest mes de febrer bona part de les activitats de la Xarxa Municipal de Biblioteques de Badalona\u00a0"},"content":{"rendered":"\n<p>Durant aquest mes de febrer tornen a la Xarxa Municipal&nbsp;de Biblioteques&nbsp;de Badalona les <strong>actuacions de m\u00e0gia i els tallers d\u2019aprenent de mag<\/strong> dins de la 23a edici\u00f3 del Memorial Li-Chang (Joan Forns i Jornada, 1916-1998). Continua tamb\u00e9 <strong>\u201cL\u2019hora del conte\u201d<\/strong> i les xerrades de <strong>\u201cCompartim el coneixement\u201d<\/strong>.&nbsp;<\/p>\n\n\n\n<p>Tothom podr\u00e0 gaudir de bons espectacles de m\u00e0gia per al p\u00fablic infantil i familiar demanant inscripci\u00f3 pr\u00e8via a la biblioteca que tingui m\u00e9s a prop. A m\u00e9s, a les biblioteques Lloreda, Pomar i Sant Roc es faran tallers d\u2019aprenent de mag per a infants que tinguin inter\u00e8s per introduir-se en aquest m\u00f3n i, per qu\u00e8 no, puguin convertir-se en el futur en nous joves mags que contribueixin a augmentar el planter badalon\u00ed.&nbsp;<\/p>\n\n\n\n<p>El mes de febrer es reactiva el programa de promoci\u00f3 de la lectura infantil Nascuts per llegir, en col\u00b7laboraci\u00f3 amb el Servei de Salut de l\u2019Ajuntament i Badalona Serveis Assistencials (BSA). Hi participen les biblioteques Lloreda, Canyad\u00f3 i Casagemes-Joan Argent\u00e9 i Pomar, juntament amb els seus CAP de refer\u00e8ncia. L\u2019objectiu \u00e9s actuar sobre els h\u00e0bits lectors de les fam\u00edlies convidant a visitar la biblioteca, llegint en veu alta i fent del llibre una eina de comunicaci\u00f3 entre pares i fills i una font de benestar familiar.&nbsp;<\/p>\n\n\n\n<p>Tamb\u00e9 cal destacar a l\u2019Hora del Conte les activitats dedicades a salut, els contes i tallers sobre benestar emocional, contes per a nadons, contes cl\u00e0ssics amb mirades renovades i contes i tallers de Carnaval. Per al p\u00fablic adult tamb\u00e9 s\u2019ofereixen xerrades i tallers sobre benestar emocional.&nbsp;<\/p>\n\n\n\n<p>A banda de tot aix\u00f2, cal consultar el nostre programa de clubs de lectura i tert\u00falies a <a href=\"https:\/\/badabiblios.cat\/fons-local\/\">badabiblios.cat<\/a> &nbsp;<\/p>\n\n\n\n<p><strong><u>ACTUACIONS DE M\u00c0GIA&nbsp;<\/u><\/strong><\/p>\n\n\n\n<p>Dirigides per a p\u00fablic infantil i familiar&nbsp;<\/p>\n\n\n\n<p><strong>Dimarts 7 de febrer<\/strong>, a les 17.30 hores, <strong>Koko el Mag<\/strong> a la Biblioteca Canyad\u00f3 i Casagemes \u2013 Joan Argent\u00e9&nbsp;<\/p>\n\n\n\n<p><strong>Dimecres 8 de febrer<\/strong>, a les 17.30 hores, <strong>la maga Joana Andreu<\/strong> a la Biblioteca Pomar (Casal de la Gent Gran de Pomar)&nbsp;<\/p>\n\n\n\n<p><strong>Dijous 9 de febrer<\/strong>, a les 17.30 hores, <strong>David el Mag<\/strong> a la Biblioteca Lloreda&nbsp;<\/p>\n\n\n\n<p><strong>Dimecres 15 de febrer<\/strong>, a les 17.30 hores, <strong>el Mag Stigman<\/strong> a la Biblioteca Llefi\u00e0-Xavier Soto&nbsp;<\/p>\n\n\n\n<p><strong>Dimarts 21 de febrer<\/strong> a les 18 hores, els mags <strong>Silvana i Brando<\/strong> al Centre Cultural l\u2019Escorxador-Nau 3&nbsp;<\/p>\n\n\n\n<p><strong>Dijous 23 de febrer<\/strong>, a les 17.30 hores, la <strong>maga Psiquelady<\/strong> a la Sala Josep Ucl\u00e9s (Biblioteca Can Casacuberta)&nbsp;<\/p>\n\n\n\n<p><strong>Divendres 3 de mar\u00e7<\/strong>, a les 18 hores, el <strong>mag Jordi Pota<\/strong>, a la Biblioteca Sant Roc &nbsp;<\/p>\n\n\n\n<p><strong>Dilluns 6 de febrer<\/strong>, a les 18 hores, <strong>la Maga Gisell<\/strong> a la Biblioteca Sant Roc (sessi\u00f3 destinada exclusivament a entitats i casals)&nbsp;<\/p>\n\n\n\n<p><strong><u>LITERATURA I M\u00c0GIA<\/u><\/strong>&nbsp;<\/p>\n\n\n\n<p><strong>Dijous 16 de febrer<\/strong>, a les 15.30 hores, a l\u2019Escola Institut Sant Jordi de Pomar (Biblioteca Pomar)&nbsp;<\/p>\n\n\n\n<p>A partir de l&#8217;obra: \u00abLa botiga de vides\u00bb d&#8217;Adri\u00e0 Aguacil&nbsp;<\/p>\n\n\n\n<p>Comptar\u00e0 amb l&#8217;autor,<strong> Adri\u00e0 Aguacil<\/strong>, amb el director del festival, <strong>Enric Magoo<\/strong> i amb el mag <strong>Aloutte<\/strong>&nbsp;<\/p>\n\n\n\n<p>(Activitat tancada amb els alumnes de 1r ESO)&nbsp;<\/p>\n\n\n\n<p><strong><u>TALLERS D\u2019APRENENT DE MAG<\/u><\/strong>&nbsp;<\/p>\n\n\n\n<p>Per a infants de 7 a 10 anys&nbsp;<\/p>\n\n\n\n<p><strong>Dilluns 13 i dilluns 27 de febrer<\/strong> a les 17.30 hores, amb la <strong>maga Cristina Ferrer<\/strong> a la Biblioteca Sant Roc&nbsp;<\/p>\n\n\n\n<p><strong>Dimarts 14 i dimarts 21 de febrer<\/strong>, a les 17.30 hores, amb <strong>David el Mag <\/strong>a la Biblioteca Lloreda&nbsp;<\/p>\n\n\n\n<p>Dijous 16 de febrer i dijous 23 de febrer, a les 17.30 hores, amb el <strong>mag David Val\u00e8ncia<\/strong> a la Biblioteca Pomar&nbsp;<\/p>\n\n\n\n<p><strong><u>INSCRIPCIONS<\/u><\/strong>&nbsp;<\/p>\n\n\n\n<p>Totes les activitats tenen aforament limitat. Per a assistir a qualsevol activitat, cal fer reserva pr\u00e8via a:&nbsp;<\/p>\n\n\n\n<p>Biblioteca Can Casacuberta\/Sala Josep Ucl\u00e9s: b.badalona.cc@diba.cat, tel. 662 92 23 39&nbsp;<\/p>\n\n\n\n<p>Biblioteca Canyad\u00f3 i Casagemes \u2013 Joan Argent\u00e9: b.badalona.ca@diba.cat, tel. 934 61 47 89&nbsp;<\/p>\n\n\n\n<p>Biblioteca Llefi\u00e0-Xavier Soto: b.badalona.lle@diba.cat, tel. 93 383 29 70&nbsp;<\/p>\n\n\n\n<p>Biblioteca Lloreda: b.badalona.llo@diba.cat, tel. 933873175&nbsp;<\/p>\n\n\n\n<p>Biblioteca Pomar: b.badalona.p@diba.cat, tel. 93 395 35 07&nbsp;<\/p>\n\n\n\n<p>Biblioteca Sant Roc: b.badalona.sr@diba.cat, tel. 934 60 12 57&nbsp;<\/p>\n\n\n\n<p><strong><u>L\u2019HORA DEL CONTE<\/u><\/strong>&nbsp;<\/p>\n\n\n\n<p>Activitats per a infants i p\u00fablic familiar&nbsp;<\/p>\n\n\n\n<p><strong>Dimecres 1 de febrer, a les 17.30 hores, a la Biblioteca Lloreda<\/strong>&nbsp;<\/p>\n\n\n\n<p><strong>Contes: Tot el que s\u00e9 quan m&#8217;enfado i Per qu\u00e8 plorem?<\/strong>&nbsp;<\/p>\n\n\n\n<p><strong>Taller: Emocion\u00f2metre<\/strong>&nbsp;<\/p>\n\n\n\n<p>Biblioteca i Salut. Contes i Taller de benestar emocional&nbsp;<\/p>\n\n\n\n<p>Jaume Copons i Emilio Urberriaga; Fran Pintadera i Ana Sender&nbsp;<\/p>\n\n\n\n<p>Activitats per promoure els h\u00e0bits saludables entre les fam\u00edlies i millorar la salut i el benestar. &nbsp;<\/p>\n\n\n\n<p>Hi col\u00b7labora: Servei de Salut. Ajuntament de Badalona.&nbsp;<\/p>\n\n\n\n<p>Cal inscripci\u00f3 pr\u00e8via a b.badalona.llo@diba.cat, al tel\u00e8fon 93 387 31 75 o presencialment a la pr\u00f2pia biblioteca.&nbsp;<\/p>\n\n\n\n<p><strong>Dimecres 1 de febrer a les 17.30 hores a la Biblioteca Llefi\u00e0-Xavier Soto<\/strong>&nbsp;<\/p>\n\n\n\n<p><strong>Els contes de la Masolina: Un le\u00f3n en Par\u00eds<\/strong>&nbsp;<\/p>\n\n\n\n<p>Explicarem contes amb la companyia de la nostra mascota, la Masolina.&nbsp;<\/p>\n\n\n\n<p>En aquesta sessi\u00f3, viatjarem al cor de Par\u00eds i construirem un mapa de la ciutat amb divertits retallables.&nbsp;<\/p>\n\n\n\n<p>Cal inscripci\u00f3 pr\u00e8via a b.badalona.lle@diba.cat, al tel\u00e8fon 93 383 29 70 o presencialment a la pr\u00f2pia biblioteca.&nbsp;<\/p>\n\n\n\n<p><strong>Dimecres 1 de febrer, a les 17.30 hores, a la Biblioteca Pomar<\/strong>&nbsp;<\/p>\n\n\n\n<p><strong>Contes del dret i del rev\u00e9s: La tortuga i la llebre<\/strong>, de Salvador Comelles &nbsp;<\/p>\n\n\n\n<p>L&#8217;hora del conte \u00e9s l&#8217;ocasi\u00f3 ideal per retrobar-nos petits i grans amb hist\u00f2ries i personatges, que ens faran gaudir, imaginar, compartir i aprendre, tots plegats. A continuaci\u00f3 farem un petit taller relacionat amb els contes.&nbsp;<\/p>\n\n\n\n<p>Cal inscripci\u00f3 pr\u00e8via a b.badalona.p@diba.cat, al tel\u00e8fon 93 395 35 07, o presencialment a la pr\u00f2pia biblioteca.&nbsp;<\/p>\n\n\n\n<p><strong>Dijous 2 de febrer, a les 17.30 hores, a la Sala Josep Ucl\u00e9s<\/strong> (Biblioteca Can Casacuberta)&nbsp;<\/p>\n\n\n\n<p><strong>Objectius de desenvolupament sostenible<\/strong>&nbsp;<\/p>\n\n\n\n<p>Una versi\u00f3 moderna del conte cl\u00e0ssic La venedora de llumins de Hans Christian Andersen.&nbsp;<\/p>\n\n\n\n<p>Aforament limitat. La Sala Josep Ucl\u00e9s est\u00e0 ubicada al Centre Cultural El Carme, carrer de Francesc Layret, 78.&nbsp;<\/p>\n\n\n\n<p><strong>Dissabte 4 de febrer a les 11.30 hores, a la Sala Josep Ucl\u00e9s<\/strong> (Biblioteca Can Casacuberta)&nbsp;<\/p>\n\n\n\n<p><strong>Jocs de taula<\/strong>&nbsp;<\/p>\n\n\n\n<p>Els dissabtes a la Sala Ucl\u00e9s trobareu un munt de jocs de taula per jugar amb els amics o la fam\u00edlia. Jocs per a desenvolupar l\u2019enginy, ampliar els coneixements i descobrir noves maneres de passar-s\u2019ho b\u00e9.&nbsp;<\/p>\n\n\n\n<p>Aforament limitat. La Sala Josep Ucl\u00e9s est\u00e0 ubicada al Centre Cultural El Carme, carrer de Francesc Layret, 78.&nbsp;<\/p>\n\n\n\n<p><strong>Dimecres 8 de febrer a les 17.30 hores, a la Biblioteca Llefi\u00e0 &#8211; Xavier Soto<\/strong>&nbsp;<\/p>\n\n\n\n<p><strong>Hora del conte i taller Carnestoltes: M\u00e0scares<\/strong>&nbsp;<\/p>\n\n\n\n<p>Explicarem les tradicions d&#8217;aquesta celebraci\u00f3 i, com que Carnestoltes \u00e9s temps de m\u00e0scares, coneixerem els usos d&#8217;aquest element tan popular en les disfresses. Per acabar, confeccionarem m\u00e0scares d&#8217;inspiraci\u00f3 africana.&nbsp;<\/p>\n\n\n\n<p>A c\u00e0rrec del personal de la biblioteca.&nbsp;<\/p>\n\n\n\n<p>Cal inscripci\u00f3 pr\u00e8via a b.badalona.lle@diba.cat, trucant al tel\u00e8fon 93 383 29 70 o presencialment a la pr\u00f2pia biblioteca.&nbsp;<\/p>\n\n\n\n<p><strong>Dijous 9 de febrer a les 17.30 hores, a la Sala Josep Ucl\u00e9s<\/strong> (Biblioteca Can Casacuberta)&nbsp;<\/p>\n\n\n\n<p><strong>Contes: Tot el que s\u00e9 quan m&#8217;enfado i Per qu\u00e8 plorem?<\/strong>&nbsp;<\/p>\n\n\n\n<p><strong>Taller: Emocion\u00f2metre<\/strong>&nbsp;<\/p>\n\n\n\n<p>Biblioteca i Salut. Contes i Taller de benestar emocional&nbsp;<\/p>\n\n\n\n<p>Jaume Copons i Emilio Urberriaga; Fran Pintadera i Ana Sender&nbsp;<\/p>\n\n\n\n<p>Activitats per promoure els h\u00e0bits saludables entre les fam\u00edlies i millorar la salut i el benestar &nbsp;<\/p>\n\n\n\n<p>Hi col\u00b7labora: Servei de Salut. Ajuntament de Badalona.&nbsp;<\/p>\n\n\n\n<p>Cal inscripci\u00f3 pr\u00e8via a b.badalona.cc@diba.cat, tel. 662922339&nbsp;<\/p>\n\n\n\n<p><strong>Dissabte 11 de febrer a les 11.30 hores, a la Sala Josep Ucl\u00e9s (Biblioteca Can Casacuberta) <\/strong>&nbsp;<\/p>\n\n\n\n<p><strong>Jocs de taula<\/strong>&nbsp;<\/p>\n\n\n\n<p>Els dissabtes a la Sala Ucl\u00e9s trobareu un munt de jocs de taula per jugar amb els amics o la fam\u00edlia. Jocs per a desenvolupar l\u2019enginy, ampliar els coneixements i descobrir noves maneres de passar-s\u2019ho b\u00e9.&nbsp;<\/p>\n\n\n\n<p>Aforament limitat. La Sala Josep Ucl\u00e9s est\u00e0 ubicada al Centre Cultural El Carme, carrer de Francesc Layret, 78.&nbsp;<\/p>\n\n\n\n<p><strong>Dimarts 14 de febrer a les 17 hores, a la Biblioteca Canyad\u00f3 i Casagemes &#8211; Joan Argent\u00e9<\/strong>&nbsp;<\/p>\n\n\n\n<p><strong>Taller Carnaval<\/strong>&nbsp;<\/p>\n\n\n\n<p>Per Carnaval tot si val, ens convertirem en un personatge m\u00e0gic.&nbsp;<\/p>\n\n\n\n<p>A c\u00e0rrec del personal de la biblioteca.&nbsp;<\/p>\n\n\n\n<p>Aforament limitat. Inscripci\u00f3 pr\u00e8via a b.badalona.ca@diba.cat, trucant al tel\u00e8fon 93 461 47 89 o presencialment a la pr\u00f2pia biblioteca. Els infants han d&#8217;anar acompanyats d&#8217;un adult.&nbsp;<\/p>\n\n\n\n<p><strong>Dimecres 15 de febrer a les 17.30 hores, a la Biblioteca Lloreda<\/strong>&nbsp;<\/p>\n\n\n\n<p><strong>Taller de carnaval: Fem unes m\u00e0scares!<\/strong>&nbsp;<\/p>\n\n\n\n<p>Cal inscripci\u00f3 pr\u00e8via a b.badalona.llo@diba.cat, al tel\u00e8fon 93 387 31 75 o presencialment a la pr\u00f2pia biblioteca.&nbsp;<\/p>\n\n\n\n<p><strong>Dimecres 15 de febrer a les 17.30 h, a la Biblioteca Pomar<\/strong>&nbsp;<\/p>\n\n\n\n<p><strong>Hora del conte i taller Carnestoltes!<\/strong>&nbsp;<\/p>\n\n\n\n<p>L&#8217;hora del conte \u00e9s l&#8217;ocasi\u00f3 ideal per retrobar-nos petits i grans amb hist\u00f2ries i personatges, que ens faran gaudir, imaginar, compartir i aprendre, tots plegats. A continuaci\u00f3 farem un petit taller relacionat amb els contes.&nbsp;<\/p>\n\n\n\n<p>Cal inscripci\u00f3 pr\u00e8via a b.badalona.p@diba.cat, al tel\u00e8fon 93 395 35 07, o presencialment a la pr\u00f2pia biblioteca.&nbsp;<\/p>\n\n\n\n<p><strong>Dijous 16 de febrer, a les 17.30 hores, a la Sala Josep Ucl\u00e9s (Biblioteca Can Casacuberta)<\/strong>&nbsp;<\/p>\n\n\n\n<p><strong>El soldadet de plom<\/strong>&nbsp;<\/p>\n\n\n\n<p>Vols con\u00e8ixer la hist\u00f2ria d&#8217;un soldadet que es va enamorar d&#8217;una ballarina? Vet aqu\u00ed que per l&#8217;aniversari d\u2019un nen li regalen una capsa de soldadets de plom.&nbsp;<\/p>\n\n\n\n<p>Aforament limitat. La Sala Josep Ucl\u00e9s est\u00e0 ubicada al Centre Cultural El Carme, carrer de Francesc Layret, 78.&nbsp;<\/p>\n\n\n\n<p><strong>Dissabte 18 de febrer, a les 11.30 h, a la Sala Josep Ucl\u00e9s (Biblioteca Can Casacuberta)<\/strong>&nbsp;<\/p>\n\n\n\n<p><strong>Jocs de taula<\/strong>&nbsp;<\/p>\n\n\n\n<p>Els dissabtes a la Sala Ucl\u00e9s trobareu un munt de jocs de taula per jugar amb els amics o la fam\u00edlia. Jocs per a desenvolupar l\u2019enginy, ampliar els coneixements i descobrir noves maneres de passar-s\u2019ho b\u00e9.&nbsp;<\/p>\n\n\n\n<p>Aforament limitat. La Sala Josep Ucl\u00e9s est\u00e0 ubicada al Centre Cultural El Carme, carrer de Francesc Layret, 78.&nbsp;<\/p>\n\n\n\n<p><strong>Dimarts 21 de febrer, a les 17 hores, a la Biblioteca Canyad\u00f3 i Casagemes &#8211; Joan Argent\u00e9<\/strong>&nbsp;<\/p>\n\n\n\n<p><strong>Coneixem la nostra biblioteca: Narracions fant\u00e0stiques.<\/strong>&nbsp;<\/p>\n\n\n\n<p><strong>Burundi. De llargs misteris i l\u00ednies perdudes<\/strong>, de Pablo Bernasconi.&nbsp;<\/p>\n\n\n\n<p>Una l\u00ednia misteriosa que no se sap on acaba. Cadasc\u00fa que la troba pensa que \u00e9s una cosa diferent. Per\u00f2 la veritat els sorprendr\u00e0. Despr\u00e9s del conte jugarem a trobar utilitats a diferents objectes.&nbsp;<\/p>\n\n\n\n<p>Aforament limitat. Inscripci\u00f3 pr\u00e8via a b.badalona.ca@diba.cat, trucant al tel\u00e8fon 93 461 47 89 o presencialment a la pr\u00f2pia biblioteca. Els infants han d&#8217;anar acompanyats d&#8217;un adult.&nbsp;<\/p>\n\n\n\n<p><strong>Dimecres 22 de febrer, a les 17.30 h, a la Biblioteca Llefi\u00e0 &#8211; Xavier Soto<\/strong>&nbsp;<\/p>\n\n\n\n<p><strong>Contes per a menuts. Minilab: Llegim i juguem<\/strong>&nbsp;<\/p>\n\n\n\n<p>Escoltar contes i jugar s\u00f3n pr\u00e0ctiques essencials en la primera inf\u00e0ncia per con\u00e8ixer el m\u00f3n i per aprendre a trav\u00e9s d&#8217;una experi\u00e8ncia emocional, activa i vivencial. Aquesta activitat convida les fam\u00edlies a la descoberta de contes i propostes de joc relacionades. Un viatge d&#8217;anada i tornada que ens portar\u00e0 del llibre al joc o del joc al llibre.&nbsp;<\/p>\n\n\n\n<p>Idea original: Mireia Mart\u00ednez.&nbsp;<\/p>\n\n\n\n<p>A c\u00e0rrec del personal de la biblioteca.&nbsp;<\/p>\n\n\n\n<p>Cal inscripci\u00f3 pr\u00e8via a b.badalona.lle@diba.cat, al tel\u00e8fon 93 383 29 70 o presencialment a la pr\u00f2pia biblioteca.&nbsp;<\/p>\n\n\n\n<p><strong>Dimecres 22 de febrer, a les 17.30 hores, a la Biblioteca Pomar<\/strong>&nbsp;<\/p>\n\n\n\n<p><strong>El rei Carnestoltes i la Vella Quaresma,<\/strong> de N\u00faria Figueras.&nbsp;<\/p>\n\n\n\n<p>L&#8217;hora del conte \u00e9s l&#8217;ocasi\u00f3 ideal per retrobar-nos petits i grans amb hist\u00f2ries i personatges, que ens faran gaudir, imaginar, compartir i aprendre, tots plegats. A continuaci\u00f3 farem un petit taller relacionat amb els contes.&nbsp;<\/p>\n\n\n\n<p>Cal inscripci\u00f3 pr\u00e8via a b.badalona.p@diba.cat, al tel\u00e8fon 93 395 35 07, o presencialment a la pr\u00f2pia biblioteca.&nbsp;<\/p>\n\n\n\n<p><strong>Dijous 23 de febrer, a les 17.30 hores, a la Biblioteca Lloreda<\/strong>&nbsp;<\/p>\n\n\n\n<p><strong>Contes de la casa<\/strong>&nbsp;<\/p>\n\n\n\n<p><strong>Dissabte 25 de febrer, a les 11.30 hores, a la Sala Josep Ucl\u00e9s (Biblioteca Can Casacuberta)<\/strong>&nbsp;<\/p>\n\n\n\n<p><strong>Jocs de taula<\/strong>&nbsp;<\/p>\n\n\n\n<p>Els dissabtes a la Sala Ucl\u00e9s trobareu un munt de jocs de taula per jugar amb els amics o la fam\u00edlia. Jocs per a desenvolupar l\u2019enginy, ampliar els coneixements i descobrir noves maneres de passar-s\u2019ho b\u00e9.&nbsp;<\/p>\n\n\n\n<p>Aforament limitat. La Sala Josep Ucl\u00e9s est\u00e0 ubicada al Centre Cultural El Carme, carrer de Francesc Layret, 78.&nbsp;<\/p>\n\n\n\n<p><strong>Dimarts 28 de febrer, a les 17 hores, a la Biblioteca Canyad\u00f3 i Casagemes &#8211; Joan Argent\u00e9<\/strong>&nbsp;<\/p>\n\n\n\n<p><strong>Bebecontes. El temps<\/strong>&nbsp;<\/p>\n\n\n\n<p>Activitat pensada per familiaritzar els nadons amb el m\u00f3n del llibre des del primer any de vida. Quin temps fa avui? Cantarem i explicarem contes sobre la meteorologia. Es recomana venir amb roba c\u00f2moda per seure a terra amb el nen a la falda.&nbsp;<\/p>\n\n\n\n<p>Adre\u00e7ada a nadons de 0 a 36 mesos.&nbsp;<\/p>\n\n\n\n<p>Aforament limitat. Inscripci\u00f3 pr\u00e8via a b.badalona.ca@diba.cat, trucant al tel\u00e8fon 934 61 47 89 o presencialment a la pr\u00f2pia biblioteca. Els infants han d&#8217;anar acompanyats d&#8217;un adult.&nbsp;<\/p>\n\n\n\n<p><strong>Dimarts 28 de febrer, a les 17.30 hores, a la Biblioteca Lloreda<\/strong>&nbsp;<\/p>\n\n\n\n<p><strong>Contes per nadons. La Granja<\/strong>&nbsp;<\/p>\n\n\n\n<p>Cal inscripci\u00f3 pr\u00e8via a b.badalona.llo@diba.cat, al tel\u00e8fon 93 387 31 75 o presencialment a la pr\u00f2pia biblioteca.&nbsp;<\/p>\n\n\n\n<p><strong><u>COMPARTIM EL CONEIXEMENT<\/u><\/strong>&nbsp;<\/p>\n\n\n\n<p>Activitats per a p\u00fablic adult&nbsp;<\/p>\n\n\n\n<p><strong>Dijous 9 de febrer, a les 17.30 hores, a la Biblioteca Llefi\u00e0 &#8211; Xavier Soto<\/strong>&nbsp;<\/p>\n\n\n\n<p><strong>Qu\u00e8 cal saber de l&#8217;insomni?<\/strong>&nbsp;<\/p>\n\n\n\n<p>Biblioteca i salut. Xerrada informativa.&nbsp;<\/p>\n\n\n\n<p>A c\u00e0rrec de Joan Boix Nebot, farmac\u00e8utic.&nbsp;<\/p>\n\n\n\n<p>S\u2019ofereix un espai de trobada per resoldre dubtes sobre els problemes de la son i oferir consells b\u00e0sics i pautes de prevenci\u00f3 de l&#8217;insomni.&nbsp;<\/p>\n\n\n\n<p>L\u2019activitat forma part del Programa d\u2019Educaci\u00f3 Sanit\u00e0ria pel Bon \u00das dels Medicaments (PESBUM), una iniciativa que consta de xerrades informatives impartides per farmac\u00e8utics comunitaris amb l\u2019objectiu d\u2019augmentar el coneixement sobre l\u2019\u00fas dels medicaments i millorar les habilitats en el seu maneig.&nbsp;<\/p>\n\n\n\n<p>La iniciativa \u00e9s fruit de la col\u00b7laboraci\u00f3 entre el Consell de Col\u00b7legis Farmac\u00e8utics de Catalunya (CCFC) i el CatSalut i se suma al programa Badalona Ciutat Saludable del Servei de Salut de l&#8217;Ajuntament i la Xarxa Municipal de Biblioteques de Badalona.&nbsp;&nbsp;&nbsp;&nbsp; &nbsp;<\/p>\n\n\n\n<p>Entrada lliure fins a completar l&#8217;aforament. Es recomana inscripci\u00f3 pr\u00e8via a b.badalona.lle@diba.cat, al tel\u00e8fon 93 383 29 70 o presencialment a la pr\u00f2pia biblioteca.&nbsp;<\/p>\n\n\n\n<p><strong>Dilluns 13 de febrer, a les 17.30 hores, a la Biblioteca Canyad\u00f3 i Casagemes &#8211; Joan Argent\u00e9<\/strong>&nbsp;<\/p>\n\n\n\n<p><strong>Nascuts per llegir: Massatge infantil<\/strong>&nbsp;<\/p>\n\n\n\n<p>Xerrada per a adults a c\u00e0rrec de Pilar Esteras.&nbsp;<\/p>\n\n\n\n<p>T&#8217;agradaria saber com fer un bon massatge als teus fills? Vols con\u00e8ixer els avantatges del massatge infantil? A la Xerrada Introducci\u00f3 al Massatge infantil, us explicarem com fer-ho perqu\u00e8 el pugueu practicar a casa.&nbsp;<\/p>\n\n\n\n<p>En col\u00b7laboraci\u00f3 amb el CAP Mart\u00ed Juli\u00e0.&nbsp;<\/p>\n\n\n\n<p>Aforament limitat. Inscripci\u00f3 pr\u00e8via a b.badalona.ca@diba.cat, trucant al tel\u00e8fon 93 461 47 89 o presencialment a la pr\u00f2pia biblioteca.&nbsp;<\/p>\n\n\n\n<p><strong>Dimarts 14 de febrer a les 10 hores al Centre C\u00edvic Sant Roc<\/strong>&nbsp;<\/p>\n\n\n\n<p><strong>Taller Vols con\u00e8ixer com funciona l\u2019app \u201cla meva salut\u201d? Vine i treu-li el m\u00e0xim profit<\/strong>&nbsp;<\/p>\n\n\n\n<p>Xerrada a c\u00e0rrec del personal del CAP Sant Roc&nbsp;<\/p>\n\n\n\n<p>Aforament limitat. Cal inscripci\u00f3 pr\u00e8via a b.badalona.sr@diba.cat, trucant al tel\u00e8fon 934 60 12 57 o presencialment a la pr\u00f2pia biblioteca.&nbsp;<\/p>\n\n\n\n<p><strong>Dijous 16 de febrer, a les 18.30 hores, a l\u2019Espai Bet\u00falia<\/strong>&nbsp;<\/p>\n\n\n\n<p><strong>Emocions<\/strong>&nbsp;<\/p>\n\n\n\n<p>Biblioteca i Salut. Xerrada informativa&nbsp;<\/p>\n\n\n\n<p>\u00c0 c\u00e0rrec de Marta Lardin Sobrino, referent de Benestar Emocional Comunitari-EAP Llefi\u00e0 Badalona 6.&nbsp;<\/p>\n\n\n\n<p>Les emocions s\u00f3n una part essencial de la vida i no sempre resulta f\u00e0cil entendre el que sentim ni poder gestionar aquests sentiments. Amb aquesta xerrada ens proporcionaran eines per aprendre a controlar tant les nostres emocions com a adults, com les dels nostres fills com a pares, i aix\u00ed per poder sentir-nos millor.&nbsp;<\/p>\n\n\n\n<p><strong><u>EXPOSICI\u00d3<\/u><\/strong>&nbsp;<\/p>\n\n\n\n<p><strong>\u201cDes-connexions en moviment\u201d<\/strong>&nbsp;<\/p>\n\n\n\n<p><strong>Fins al dia 14 de febrer, a la Biblioteca Canyad\u00f3 i Casagemes \u2013 Joan Argent\u00e9<\/strong>&nbsp;<\/p>\n\n\n\n<p>La dem\u00e8ncia per cossos de Lewy \u00e9s una malaltia degenerativa que provoca dem\u00e8ncia greu, alteracions conductuals i desorientaci\u00f3 fins a morir. Comparteix s\u00edmptomes amb l&#8217;Alzheimer i el Parkinson i encara que cada any augmenta el n\u00famero d&#8217;afectats, no \u00e9s tan popularment coneguda. Es produeix per la pres\u00e8ncia d\u2019unes estructures proteiques (cossos de Lewy) que afecten les connexions neuronals. \u00c9s una malaltia implacable i els afectats connecten i desconnecten amb la realitat intermitentment. La meva mare i la meva filla van n\u00e9ixer el mateix dia. Quan la meva filla tenia tres mesos li van diagnosticar a la meva mare cossos de Lewy.&nbsp;<\/p>\n\n\n\n<p>Exposici\u00f3 amb possibilitat de visita escolar guiada. Si la voleu gaudir, poseu-vos en contacte amb la biblioteca.&nbsp;<\/p>\n","protected":false},"excerpt":{"rendered":"<p>Durant aquest mes de febrer tornen a la Xarxa Municipal&nbsp;de Biblioteques&nbsp;de Badalona les actuacions de m\u00e0gia i els tallers d\u2019aprenent de mag dins de la 23a edici\u00f3 del Memorial Li-Chang (Joan Forns i Jornada, 1916-1998). Continua tamb\u00e9 \u201cL\u2019hora del conte\u201d i les xerrades de \u201cCompartim el coneixement\u201d.&nbsp; Tothom podr\u00e0 gaudir de bons espectacles de m\u00e0gia [&hellip;]<\/p>\n","protected":false},"author":2,"featured_media":4740,"comment_status":"open","ping_status":"open","sticky":false,"template":"","format":"standard","meta":{"footnotes":""},"categories":[23,25],"tags":[],"class_list":{"0":"post-4739","1":"post","2":"type-post","3":"status-publish","4":"format-standard","5":"has-post-thumbnail","7":"category-actualitat","8":"category-cultura"},"_links":{"self":[{"href":"https:\/\/areabadalona.com\/diario\/wp-json\/wp\/v2\/posts\/4739","targetHints":{"allow":["GET"]}}],"collection":[{"href":"https:\/\/areabadalona.com\/diario\/wp-json\/wp\/v2\/posts"}],"about":[{"href":"https:\/\/areabadalona.com\/diario\/wp-json\/wp\/v2\/types\/post"}],"author":[{"embeddable":true,"href":"https:\/\/areabadalona.com\/diario\/wp-json\/wp\/v2\/users\/2"}],"replies":[{"embeddable":true,"href":"https:\/\/areabadalona.com\/diario\/wp-json\/wp\/v2\/comments?post=4739"}],"version-history":[{"count":1,"href":"https:\/\/areabadalona.com\/diario\/wp-json\/wp\/v2\/posts\/4739\/revisions"}],"predecessor-version":[{"id":4741,"href":"https:\/\/areabadalona.com\/diario\/wp-json\/wp\/v2\/posts\/4739\/revisions\/4741"}],"wp:featuredmedia":[{"embeddable":true,"href":"https:\/\/areabadalona.com\/diario\/wp-json\/wp\/v2\/media\/4740"}],"wp:attachment":[{"href":"https:\/\/areabadalona.com\/diario\/wp-json\/wp\/v2\/media?parent=4739"}],"wp:term":[{"taxonomy":"category","embeddable":true,"href":"https:\/\/areabadalona.com\/diario\/wp-json\/wp\/v2\/categories?post=4739"},{"taxonomy":"post_tag","embeddable":true,"href":"https:\/\/areabadalona.com\/diario\/wp-json\/wp\/v2\/tags?post=4739"}],"curies":[{"name":"wp","href":"https:\/\/api.w.org\/{rel}","templated":true}]}}