{"id":4736,"date":"2023-02-01T12:33:33","date_gmt":"2023-02-01T12:33:33","guid":{"rendered":"https:\/\/areabadalona.com\/diario\/?p=4736"},"modified":"2023-02-01T12:33:34","modified_gmt":"2023-02-01T12:33:34","slug":"badalona-reactiva-el-programa-de-promocio-de-la-lectura-infantil-nascuts-per-llegir","status":"publish","type":"post","link":"https:\/\/areabadalona.com\/diario\/2023\/02\/01\/badalona-reactiva-el-programa-de-promocio-de-la-lectura-infantil-nascuts-per-llegir\/","title":{"rendered":"Badalona reactiva el programa de promoci\u00f3 de la lectura infantil \u201cNascuts per llegir\u201d\u00a0"},"content":{"rendered":"\n<p>A partir d\u2019aquest mes de febrer, les fam\u00edlies usu\u00e0ries del servei de pediatria dels Centres d\u2019Atenci\u00f3 Prim\u00e0ria (CAP) Nova Lloreda, Mart\u00ed i Juli\u00e0 i Morera Pomar, podran participar en el programa \u201cNascuts per llegir\u201d, una iniciativa que promou el gust per la lectura entre els infants de 0 a 3 anys. El programa&nbsp; que es va iniciar originalment al setembre del 2019 i va quedar aturat per la pand\u00e8mia, compta amb la col\u00b7laboraci\u00f3 de la Biblioteca Lloreda , la Biblioteca Canyad\u00f3 i Casagemes \u2014 Joan Argent\u00e9 i la Biblioteca de Pomar. &nbsp;<\/p>\n\n\n\n<p>El programa es desenvolupa amb la implicaci\u00f3 de les infermeres pedi\u00e0triques i pediatres dels centres d\u2019atenci\u00f3 prim\u00e0ria que, durant la visita dels usuaris, lliuren a la fam\u00edlia receptes de lectura amb contes i pautes per llegir amb els seus fills i els hi ofereixen un espai de lectura a la sala d\u2019espera. Aquests professionals tamb\u00e9 entreguen un dossier amb informaci\u00f3 del programa i recomanacions de lectures de la biblioteca col\u00b7laboradora que correspon a cada CAP. Un cop a la biblioteca, cada nen rep un carnet i s\u2019informa els pares sobre les activitats que s\u2019hi realitzen. &nbsp;<\/p>\n\n\n\n<p>L\u2019objectiu del programa no \u00e9s crear lectors preco\u00e7os sin\u00f3, principalment, actuar sobre els h\u00e0bits de les fam\u00edlies convidant a visitar la biblioteca, llegint en veu alta i fent del llibre una eina de comunicaci\u00f3 entre pares i fills i una font de benestar familiar.&nbsp;<\/p>\n\n\n\n<p>La lectura \u00e9s una de les bases del creixement integral dels infants i, a trav\u00e9s de la lectura compartida, s\u2019estimulen l\u2019afectivitat i la comunicaci\u00f3. Molts estudis confirmen que explicar i\/o llegir contes en veu alta els primers mesos de vida refor\u00e7a els vincles entre pares i fills, afavoreix l\u2019adquisici\u00f3 del llenguatge, estimula la imaginaci\u00f3 i la creativitat, desenvolupa el gust per aprendre i potencia la capacitat d\u2019observaci\u00f3, atenci\u00f3 i concentraci\u00f3.&nbsp;<\/p>\n\n\n\n<p>El programa \u201cNascuts per llegir\u201d va n\u00e9ixer l\u2019any 2002 dins el Grup de Biblioteques Infantils i Juvenils del Col\u00b7legi Oficial de Bibliotecaris \u2013 Documentalistes de Catalunya (COBDC) i actualment s\u2019imparteix a diferents municipis de Catalunya. A Badalona el projecte s\u2019impulsa des del Servei de Salut i el Servei de Cultura de l\u2019Ajuntament de Badalona, juntament amb Badalona Serveis Assistencials (BSA).&nbsp;<\/p>\n","protected":false},"excerpt":{"rendered":"<p>A partir d\u2019aquest mes de febrer, les fam\u00edlies usu\u00e0ries del servei de pediatria dels Centres d\u2019Atenci\u00f3 Prim\u00e0ria (CAP) Nova Lloreda, Mart\u00ed i Juli\u00e0 i Morera Pomar, podran participar en el programa \u201cNascuts per llegir\u201d, una iniciativa que promou el gust per la lectura entre els infants de 0 a 3 anys. El programa&nbsp; que es [&hellip;]<\/p>\n","protected":false},"author":2,"featured_media":4737,"comment_status":"open","ping_status":"open","sticky":false,"template":"","format":"standard","meta":{"footnotes":""},"categories":[23],"tags":[],"class_list":{"0":"post-4736","1":"post","2":"type-post","3":"status-publish","4":"format-standard","5":"has-post-thumbnail","7":"category-actualitat"},"_links":{"self":[{"href":"https:\/\/areabadalona.com\/diario\/wp-json\/wp\/v2\/posts\/4736","targetHints":{"allow":["GET"]}}],"collection":[{"href":"https:\/\/areabadalona.com\/diario\/wp-json\/wp\/v2\/posts"}],"about":[{"href":"https:\/\/areabadalona.com\/diario\/wp-json\/wp\/v2\/types\/post"}],"author":[{"embeddable":true,"href":"https:\/\/areabadalona.com\/diario\/wp-json\/wp\/v2\/users\/2"}],"replies":[{"embeddable":true,"href":"https:\/\/areabadalona.com\/diario\/wp-json\/wp\/v2\/comments?post=4736"}],"version-history":[{"count":1,"href":"https:\/\/areabadalona.com\/diario\/wp-json\/wp\/v2\/posts\/4736\/revisions"}],"predecessor-version":[{"id":4738,"href":"https:\/\/areabadalona.com\/diario\/wp-json\/wp\/v2\/posts\/4736\/revisions\/4738"}],"wp:featuredmedia":[{"embeddable":true,"href":"https:\/\/areabadalona.com\/diario\/wp-json\/wp\/v2\/media\/4737"}],"wp:attachment":[{"href":"https:\/\/areabadalona.com\/diario\/wp-json\/wp\/v2\/media?parent=4736"}],"wp:term":[{"taxonomy":"category","embeddable":true,"href":"https:\/\/areabadalona.com\/diario\/wp-json\/wp\/v2\/categories?post=4736"},{"taxonomy":"post_tag","embeddable":true,"href":"https:\/\/areabadalona.com\/diario\/wp-json\/wp\/v2\/tags?post=4736"}],"curies":[{"name":"wp","href":"https:\/\/api.w.org\/{rel}","templated":true}]}}