{"id":4733,"date":"2023-02-01T12:27:36","date_gmt":"2023-02-01T12:27:36","guid":{"rendered":"https:\/\/areabadalona.com\/diario\/?p=4733"},"modified":"2023-02-01T12:27:37","modified_gmt":"2023-02-01T12:27:37","slug":"el-servei-impuls-municipal-de-promocio-de-locupacio-de-badalona-posa-en-marxa-un-nou-canal-dinstagram","status":"publish","type":"post","link":"https:\/\/areabadalona.com\/diario\/2023\/02\/01\/el-servei-impuls-municipal-de-promocio-de-locupacio-de-badalona-posa-en-marxa-un-nou-canal-dinstagram\/","title":{"rendered":"El Servei Impuls Municipal de Promoci\u00f3 de l\u2019Ocupaci\u00f3 de Badalona posa en marxa un nou canal d\u2019Instagram\u00a0"},"content":{"rendered":"\n<p>El Servei Impuls Municipal de Promoci\u00f3 de l\u2019Ocupaci\u00f3 de Badalona (IMPO) ha estrenat aquest dimecres un nou compte a la xarxa social Instagram amb el nom d\u2019usuari <a href=\"https:\/\/www.instagram.com\/impobadalona\/\">@impobadalona<\/a>. Amb aquesta acci\u00f3 es busca augmentar els canals de comunicaci\u00f3 del consistori per tal d&#8217;arribar a m\u00e9s p\u00fablic i, sobretot, oferir un altre tipus de difusi\u00f3 m\u00e9s \u00e0mplia i directa a trav\u00e9s de les funcionalitats que ofereix Instagram en l\u2019\u00e0mbit de l\u2019ocupaci\u00f3. El nou canal donar\u00e0 resposta a les necessitats informatives dels usuaris sobre els programes, ofertes formatives i orientaci\u00f3 en els \u00e0mbits d\u2019ocupaci\u00f3 i empresarials que ofereix l\u2019IMPO.&nbsp;<\/p>\n\n\n\n<p>Amb l\u2019obertura d\u2019aquest canal, l\u2019Ajuntament de Badalona augmenta la seva pres\u00e8ncia a les xarxes socials amb l\u2019objectiu d\u2019arribar a totes les persones interessades en els diferents \u00e0mbits municipals. En els seg\u00fcents enlla\u00e7os podeu consultar tots els comptes a les diferents xarxes relacionades amb l\u2019Ajuntament.&nbsp;<\/p>\n\n\n\n<p>&#8211; Llista comptes de Twitter: <a href=\"http:\/\/ajuntament.badalona.cat\/llista-twitter\/\">http:\/\/ajuntament.badalona.cat\/llista-twitter\/ <\/a>&nbsp;&nbsp;<\/p>\n\n\n\n<p>&#8211; Llista comptes de Facebook: <a href=\"http:\/\/ajuntament.badalona.cat\/llista-facebook\/\">http:\/\/ajuntament.badalona.cat\/llista-facebook\/<\/a>&nbsp;<\/p>\n\n\n\n<p>&#8211; Llista comptes d\u2019Instagram: <a href=\"http:\/\/ajuntament.badalona.cat\/llista-instagram\/\">http:\/\/ajuntament.badalona.cat\/llista-instagram\/<\/a>&nbsp;<\/p>\n\n\n\n<p>&#8211; Llista canals de Youtube: <a href=\"http:\/\/ajuntament.badalona.cat\/llista-youtube\/\">http:\/\/ajuntament.badalona.cat\/llista-youtube\/ <\/a>&nbsp;&nbsp;<\/p>\n","protected":false},"excerpt":{"rendered":"<p>El Servei Impuls Municipal de Promoci\u00f3 de l\u2019Ocupaci\u00f3 de Badalona (IMPO) ha estrenat aquest dimecres un nou compte a la xarxa social Instagram amb el nom d\u2019usuari @impobadalona. Amb aquesta acci\u00f3 es busca augmentar els canals de comunicaci\u00f3 del consistori per tal d&#8217;arribar a m\u00e9s p\u00fablic i, sobretot, oferir un altre tipus de difusi\u00f3 m\u00e9s [&hellip;]<\/p>\n","protected":false},"author":2,"featured_media":4734,"comment_status":"open","ping_status":"open","sticky":false,"template":"","format":"standard","meta":{"footnotes":""},"categories":[23],"tags":[],"class_list":{"0":"post-4733","1":"post","2":"type-post","3":"status-publish","4":"format-standard","5":"has-post-thumbnail","7":"category-actualitat"},"_links":{"self":[{"href":"https:\/\/areabadalona.com\/diario\/wp-json\/wp\/v2\/posts\/4733","targetHints":{"allow":["GET"]}}],"collection":[{"href":"https:\/\/areabadalona.com\/diario\/wp-json\/wp\/v2\/posts"}],"about":[{"href":"https:\/\/areabadalona.com\/diario\/wp-json\/wp\/v2\/types\/post"}],"author":[{"embeddable":true,"href":"https:\/\/areabadalona.com\/diario\/wp-json\/wp\/v2\/users\/2"}],"replies":[{"embeddable":true,"href":"https:\/\/areabadalona.com\/diario\/wp-json\/wp\/v2\/comments?post=4733"}],"version-history":[{"count":1,"href":"https:\/\/areabadalona.com\/diario\/wp-json\/wp\/v2\/posts\/4733\/revisions"}],"predecessor-version":[{"id":4735,"href":"https:\/\/areabadalona.com\/diario\/wp-json\/wp\/v2\/posts\/4733\/revisions\/4735"}],"wp:featuredmedia":[{"embeddable":true,"href":"https:\/\/areabadalona.com\/diario\/wp-json\/wp\/v2\/media\/4734"}],"wp:attachment":[{"href":"https:\/\/areabadalona.com\/diario\/wp-json\/wp\/v2\/media?parent=4733"}],"wp:term":[{"taxonomy":"category","embeddable":true,"href":"https:\/\/areabadalona.com\/diario\/wp-json\/wp\/v2\/categories?post=4733"},{"taxonomy":"post_tag","embeddable":true,"href":"https:\/\/areabadalona.com\/diario\/wp-json\/wp\/v2\/tags?post=4733"}],"curies":[{"name":"wp","href":"https:\/\/api.w.org\/{rel}","templated":true}]}}