{"id":4726,"date":"2023-02-01T10:00:50","date_gmt":"2023-02-01T10:00:50","guid":{"rendered":"https:\/\/areabadalona.com\/diario\/?p=4726"},"modified":"2023-02-01T10:00:51","modified_gmt":"2023-02-01T10:00:51","slug":"badalona-serveis-assistencials-estrena-noves-instal%c2%b7lacions-de-salut-mental","status":"publish","type":"post","link":"https:\/\/areabadalona.com\/diario\/2023\/02\/01\/badalona-serveis-assistencials-estrena-noves-instal%c2%b7lacions-de-salut-mental\/","title":{"rendered":"Badalona Serveis Assistencials estrena noves instal\u00b7lacions de salut mental\u00a0"},"content":{"rendered":"\n<p>Badalona Serveis Assistencials estrena una nova unitat polivalent de salut mental en un espai de 1.200 metres quadrats ubicat al carrer de Sant Anastasi 42 que obrir\u00e0 les seves portes el 7 de febrer. L\u2019alcalde de Badalona, Ruben Guijjaro, la &nbsp;quarta tinenta d&#8217;alcaldia i regidora de l&#8217;\u00c0mbit de Territori, Habitatge, Esports i Salut, Teresa Gonz\u00e0lez, la directora general de Planificaci\u00f3 Sanit\u00e0ria i Recerca en Salut del Departament de Salut, Aina Plaza i la gerenta de BSA, Pilar Otermin van presidir ahir dimarts la visita a l\u2019edifici. Avui, dimecres 1 de febrer, es celebrar\u00e0 una jornada de portes obertes d\u201911 a 13 hores on tothom que ho desitgi podr\u00e0 apropar-se per con\u00e8ixer les instal\u00b7lacions. L&#8217;entrada en grups redu\u00efts de persones es far\u00e0 per ordre d&#8217;arribada.&nbsp;<\/p>\n\n\n\n<p>La unitat es troba al conegut edifici Micaco\u2019s, rehabilitat per convertir-se en un dispositiu de salut mental. All\u00e0 s\u2019hi ha traslladat el Centre de Salut Mental Infanto Juvenil (CSMIJ) Badalona 1; el Servei de Rehabilitaci\u00f3 Comunit\u00e0ria Badalona i l\u2019Hospital de Dia de Salut Mental d\u2019Adults Badalona. Tots tres serveis, gestionats per BSA, estaven abans repartits en indrets diferents.&nbsp;<\/p>\n\n\n\n<p>En aquestes noves instal\u00b7lacions es guanya espai i sobretot condicions d\u2019accessibilitat i confort, tant per a usuaris com per a professionals. El CSMIJ Badalona 1, fins ara CSMIJ Joan Obiols, dobla el nombre de consultes (de 6 a 12) i suma espais grupals i altres depend\u00e8ncies, afavorint l\u2019atenci\u00f3 a la ciutadania. Aquest centre dona cobertura a 26.351 usuaris menors de 18 anys de la zona est de Badalona i als municipis de Tiana i Montgat. Durant 2022 ha at\u00e8s un total de 1.183 pacients i les seves fam\u00edlies. Aix\u00ed mateix, ha recuperat l\u2019atenci\u00f3 presencial que va haver d\u2019interrompre durant la pand\u00e8mia. D\u2019un total anual de&nbsp; 11.169 visites, un 86% han estat presencials. Ha donat 263 altes.&nbsp;<\/p>\n\n\n\n<p>Tamb\u00e9 s\u2019ha traslladat a l\u2019edifici Micaco\u2019s el Servei de Rehabilitaci\u00f3 Comunit\u00e0ria (SRC) Badalona, fins ara SRC B\u00e9tula, un dispositiu innovador en els abordatges amb diferents programes d\u2019actuaci\u00f3. Compta per exemple amb un programa espec\u00edfic per a majors de 16 anys on es treballen les habilitats socials i les necessitats formatives. Per aix\u00f2 s\u2019han establert acords i sinergies amb l\u2019Institut Obert de Catalunya i d\u2019altres centres educatius. Tamb\u00e9 ha signat acords amb els Ajuntaments de Badalona i Sant Adri\u00e0 per dur a terme iniciatives de formacions duals a fi d\u2019ajudar a la reinserci\u00f3 formativo-laboral dels joves amb problemes de salut mental. El servei t\u00e9 71 places i durant l\u2019any 2022 ha at\u00e8s a 229 usuaris.&nbsp;<\/p>\n\n\n\n<p>Per \u00faltim, la nova unitat de salut mental inclou l\u2019hospital de dia de salut mental d\u2019adults, obert fa un any i mig. Anteriorment, la ciutadania de Badalona que necessitava aquest recurs assistencial havia de despla\u00e7ar-se a Santa Coloma de Gramenet. A l\u2019hospital de dia s\u2019hi fan intervencions intensives i molt especialitzades en pacients que es troben en situacions cl\u00edniques agudes, en r\u00e8gim d\u2019hospitalitzaci\u00f3 parcial, pernoctant el pacient al seu domicili. Compta amb 24 places i durant l\u2019any 2022 ha at\u00e8s a 121 pacients.&nbsp;<\/p>\n\n\n\n<p>M\u00e9s enll\u00e0 dels tres dispositius que configuren la nova unitat del carrer Anastasi, BSA tamb\u00e9 gestiona el CSMIJ Creu Verda, els dos Centres de Salut Mental d\u2019Adults de la ciutat i el Centre Delta. La gesti\u00f3 es fa de forma coordinada amb la resta de l\u00ednies d\u2019atenci\u00f3 de BSA (prim\u00e0ria, especialitzada, sociosanit\u00e0ria, salut sexual i reproductiva i els programes d\u2019atenci\u00f3 integral a domicili) i amb els altres prove\u00efdors sanitaris del territori. Les actuacions en salut mental formen part de les prioritats del departament Salut per a 2023, especialment aquelles orientades a aconseguir una atenci\u00f3 m\u00e9s preventiva, proactiva, i comunit\u00e0ria, especialment en infants i joves.&nbsp;<\/p>\n\n\n\n<p>L\u2019alcalde de Badalona, Rub\u00e9n Guijarro, va destacar durant la visita que \u201cl\u2019estrena d\u2019aquesta nova unitat ens permet reunir en un sol edifici tots els serveis de salut mental i addicions de la ciutat i doblar el nombre de punts de consulta, fet que exemplifica la nostra aposta per la integraci\u00f3 de tots els serveis sanitaris per donar la millor cobertura possible a la ciutadania\u201d. \u201cBadalona \u00e9s una ciutat de refer\u00e8ncia en l\u2019\u00e0mbit de la salut i tant el Govern municipal com tots els professionals de BSA i les institucions m\u00e8diques badalonines treballem plegats per continuar evolucionant i donar resposta als reptes sanitaris que afronta la nostra societat\u201d, ha subratllat Guijarro.\u00a0\u00a0\u00a0 \u00a0<\/p>\n\n\n\n<figure class=\"wp-block-embed is-type-video is-provider-youtube wp-block-embed-youtube wp-embed-aspect-16-9 wp-has-aspect-ratio\"><div class=\"wp-block-embed__wrapper\">\n<div class=\"youtube-embed\" data-video_id=\"Ub_BvLjkb_g\"><iframe loading=\"lazy\" title=\"Unitat Polivalent de Salut Mental\" width=\"696\" height=\"392\" src=\"https:\/\/www.youtube.com\/embed\/Ub_BvLjkb_g?feature=oembed&#038;enablejsapi=1\" frameborder=\"0\" allow=\"accelerometer; autoplay; clipboard-write; encrypted-media; gyroscope; picture-in-picture; web-share\" allowfullscreen><\/iframe><\/div>\n<\/div><\/figure>\n","protected":false},"excerpt":{"rendered":"<p>Badalona Serveis Assistencials estrena una nova unitat polivalent de salut mental en un espai de 1.200 metres quadrats ubicat al carrer de Sant Anastasi 42 que obrir\u00e0 les seves portes el 7 de febrer. L\u2019alcalde de Badalona, Ruben Guijjaro, la &nbsp;quarta tinenta d&#8217;alcaldia i regidora de l&#8217;\u00c0mbit de Territori, Habitatge, Esports i Salut, Teresa Gonz\u00e0lez, [&hellip;]<\/p>\n","protected":false},"author":2,"featured_media":4727,"comment_status":"open","ping_status":"open","sticky":false,"template":"","format":"standard","meta":{"footnotes":""},"categories":[23,24],"tags":[],"class_list":{"0":"post-4726","1":"post","2":"type-post","3":"status-publish","4":"format-standard","5":"has-post-thumbnail","7":"category-actualitat","8":"category-societat"},"_links":{"self":[{"href":"https:\/\/areabadalona.com\/diario\/wp-json\/wp\/v2\/posts\/4726","targetHints":{"allow":["GET"]}}],"collection":[{"href":"https:\/\/areabadalona.com\/diario\/wp-json\/wp\/v2\/posts"}],"about":[{"href":"https:\/\/areabadalona.com\/diario\/wp-json\/wp\/v2\/types\/post"}],"author":[{"embeddable":true,"href":"https:\/\/areabadalona.com\/diario\/wp-json\/wp\/v2\/users\/2"}],"replies":[{"embeddable":true,"href":"https:\/\/areabadalona.com\/diario\/wp-json\/wp\/v2\/comments?post=4726"}],"version-history":[{"count":1,"href":"https:\/\/areabadalona.com\/diario\/wp-json\/wp\/v2\/posts\/4726\/revisions"}],"predecessor-version":[{"id":4728,"href":"https:\/\/areabadalona.com\/diario\/wp-json\/wp\/v2\/posts\/4726\/revisions\/4728"}],"wp:featuredmedia":[{"embeddable":true,"href":"https:\/\/areabadalona.com\/diario\/wp-json\/wp\/v2\/media\/4727"}],"wp:attachment":[{"href":"https:\/\/areabadalona.com\/diario\/wp-json\/wp\/v2\/media?parent=4726"}],"wp:term":[{"taxonomy":"category","embeddable":true,"href":"https:\/\/areabadalona.com\/diario\/wp-json\/wp\/v2\/categories?post=4726"},{"taxonomy":"post_tag","embeddable":true,"href":"https:\/\/areabadalona.com\/diario\/wp-json\/wp\/v2\/tags?post=4726"}],"curies":[{"name":"wp","href":"https:\/\/api.w.org\/{rel}","templated":true}]}}