{"id":4723,"date":"2023-02-01T09:58:49","date_gmt":"2023-02-01T09:58:49","guid":{"rendered":"https:\/\/areabadalona.com\/diario\/?p=4723"},"modified":"2023-02-01T09:58:50","modified_gmt":"2023-02-01T09:58:50","slug":"inauguracio-del-projecte-comunitari-dart-urba-a-la-placa-dantonio-machado-del-barri-la-salut","status":"publish","type":"post","link":"https:\/\/areabadalona.com\/diario\/2023\/02\/01\/inauguracio-del-projecte-comunitari-dart-urba-a-la-placa-dantonio-machado-del-barri-la-salut\/","title":{"rendered":"Inauguraci\u00f3 del projecte comunitari d\u2019art urb\u00e0 a la pla\u00e7a d\u2019Antonio Machado del barri La Salut\u00a0"},"content":{"rendered":"\n<p>El pr\u00f2xim dimecres 8 de febrer tindr\u00e0 lloc la inauguraci\u00f3 del projecte d\u2019art urb\u00e0 a la pla\u00e7a d\u2019Antonio Machado del barri de La Salut que ha impulsat el Servei de Mediaci\u00f3 de l\u2019Ajuntament de Badalona dins del projecte de \u201cBarris i Comunitats: motors de transformaci\u00f3 social\u201d de la Diputaci\u00f3 de Barcelona.&nbsp;<\/p>\n\n\n\n<p>Aquest projecte urb\u00e0, creat per l\u2019artista badalon\u00ed Spogo i el seu equip Pintamos Mucho, \u00e9s un proc\u00e9s comunitari que va arrencar amb diferents tallers art\u00edstics adre\u00e7ats a entitats i ciutadans: infants, joves, fam\u00edlies, gent gran, etc. i va culminar amb la pintada de tota la pla\u00e7a d\u2019Antonio Machado, inclosos la majoria dels seus elements com el parc infantil, les jardineres i les parets en general.&nbsp;<\/p>\n\n\n\n<p>M\u00e9s enll\u00e0 d\u2019un criteri art\u00edstic o est\u00e8tic, aquesta acci\u00f3 respon a diferents objectius en clau comunit\u00e0ria, com ara oferir un espai de creaci\u00f3 col\u00b7lectiva; fomentar la participaci\u00f3 ciutadana per generar vincles entre diferents col\u00b7lectius; refor\u00e7ar el sentiment de pertinen\u00e7a i conscienciar sobre la import\u00e0ncia de la cura de l\u2019espai entre tots i totes. Alhora ha estat un espai d\u2019intercanvi de percepcions d\u2019aquesta pla\u00e7a per part dels ve\u00efns i ve\u00efnes que s\u2019han interessat per l\u2019acci\u00f3.&nbsp;<\/p>\n\n\n\n<p><strong>Com millorar els barris i enfortir la conviv\u00e8ncia&nbsp;<\/strong><\/p>\n\n\n\n<p>Al voltant del projecte \u201cBarris i Comunitats: motors de transformaci\u00f3 social\u201d es reuneixen peri\u00f2dicament el Servei de Mediaci\u00f3 de l\u2019Ajuntament de Badalona amb la ciutadania i les entitats del territori. Aquesta \u00e9s una taula on es planifiquen accions com aquesta per a la millora del barri, especialment orientades en el foment d\u2019una conviv\u00e8ncia potenciadora, la generaci\u00f3 de vincles, suport a comunitats ve\u00efnals, la millora de l\u2019autoestima del barri i la reducci\u00f3 de l\u2019exclusi\u00f3 social.&nbsp;<\/p>\n\n\n\n<p>Durant l\u2019any passat es van realitzar diverses accions com seguiment de comunitats de ve\u00efns; suport en projectes de rehabilitaci\u00f3 d\u2019edificis de la Salut Alta i Sant Joan de Llefi\u00e0; gesti\u00f3 de conflictes ve\u00efnals; concerts per la conviv\u00e8ncia i la inclusi\u00f3; educadores socials a medi obert fent tasques educatives amb joves en risc d\u2019exclusi\u00f3 social i contacte amb el ve\u00efnat; teatre social amb persones grans i la coordinaci\u00f3 amb les entitats i altres \u00e0rees i serveis de l\u2019Ajuntament de Badalona.&nbsp;<\/p>\n","protected":false},"excerpt":{"rendered":"<p>El pr\u00f2xim dimecres 8 de febrer tindr\u00e0 lloc la inauguraci\u00f3 del projecte d\u2019art urb\u00e0 a la pla\u00e7a d\u2019Antonio Machado del barri de La Salut que ha impulsat el Servei de Mediaci\u00f3 de l\u2019Ajuntament de Badalona dins del projecte de \u201cBarris i Comunitats: motors de transformaci\u00f3 social\u201d de la Diputaci\u00f3 de Barcelona.&nbsp; Aquest projecte urb\u00e0, creat [&hellip;]<\/p>\n","protected":false},"author":2,"featured_media":4724,"comment_status":"open","ping_status":"open","sticky":false,"template":"","format":"standard","meta":{"footnotes":""},"categories":[23],"tags":[],"class_list":{"0":"post-4723","1":"post","2":"type-post","3":"status-publish","4":"format-standard","5":"has-post-thumbnail","7":"category-actualitat"},"_links":{"self":[{"href":"https:\/\/areabadalona.com\/diario\/wp-json\/wp\/v2\/posts\/4723","targetHints":{"allow":["GET"]}}],"collection":[{"href":"https:\/\/areabadalona.com\/diario\/wp-json\/wp\/v2\/posts"}],"about":[{"href":"https:\/\/areabadalona.com\/diario\/wp-json\/wp\/v2\/types\/post"}],"author":[{"embeddable":true,"href":"https:\/\/areabadalona.com\/diario\/wp-json\/wp\/v2\/users\/2"}],"replies":[{"embeddable":true,"href":"https:\/\/areabadalona.com\/diario\/wp-json\/wp\/v2\/comments?post=4723"}],"version-history":[{"count":1,"href":"https:\/\/areabadalona.com\/diario\/wp-json\/wp\/v2\/posts\/4723\/revisions"}],"predecessor-version":[{"id":4725,"href":"https:\/\/areabadalona.com\/diario\/wp-json\/wp\/v2\/posts\/4723\/revisions\/4725"}],"wp:featuredmedia":[{"embeddable":true,"href":"https:\/\/areabadalona.com\/diario\/wp-json\/wp\/v2\/media\/4724"}],"wp:attachment":[{"href":"https:\/\/areabadalona.com\/diario\/wp-json\/wp\/v2\/media?parent=4723"}],"wp:term":[{"taxonomy":"category","embeddable":true,"href":"https:\/\/areabadalona.com\/diario\/wp-json\/wp\/v2\/categories?post=4723"},{"taxonomy":"post_tag","embeddable":true,"href":"https:\/\/areabadalona.com\/diario\/wp-json\/wp\/v2\/tags?post=4723"}],"curies":[{"name":"wp","href":"https:\/\/api.w.org\/{rel}","templated":true}]}}