{"id":4720,"date":"2023-02-01T09:57:27","date_gmt":"2023-02-01T09:57:27","guid":{"rendered":"https:\/\/areabadalona.com\/diario\/?p=4720"},"modified":"2023-02-01T09:57:27","modified_gmt":"2023-02-01T09:57:27","slug":"lajuntament-de-badalona-obre-un-proces-participatiu-en-el-districte-2-per-a-donar-nom-a-la-placa-situada-entre-el-carrer-de-vallvidrera-i-lavinguda-den-caritg","status":"publish","type":"post","link":"https:\/\/areabadalona.com\/diario\/2023\/02\/01\/lajuntament-de-badalona-obre-un-proces-participatiu-en-el-districte-2-per-a-donar-nom-a-la-placa-situada-entre-el-carrer-de-vallvidrera-i-lavinguda-den-caritg\/","title":{"rendered":"L\u2019Ajuntament de Badalona obre un proc\u00e9s participatiu en el Districte 2 per a donar nom a la pla\u00e7a situada entre el carrer de Vallvidrera i l\u2019avinguda d\u2019en Caritg \u00a0"},"content":{"rendered":"\n<p>L\u2019Ajuntament de Badalona posar\u00e0 en marxa durant el pr\u00f2xim mes de febrer un proc\u00e9s participatiu en el Districte 2 de la ciutat per a posar nom a la pla\u00e7a situada entre el carrer de Vallvidrera i l\u2019avinguda d\u2019en Caritg. Aquest proc\u00e9s ser\u00e0 treballat conjuntament per t\u00e8cnics municipals i participants de Germina, una entitat sense \u00e0nim de lucre ubicada al barri de Lloreda, en la conflu\u00e8ncia amb el barri de La Pau, que ofereix suport i acompanyament a infants, joves i fam\u00edlies en situaci\u00f3 de vulnerabilitat a partir de diferents programes socioeducatius.&nbsp;<\/p>\n\n\n\n<p>Concretament, el proc\u00e9s participatiu es dur\u00e0 a terme en dues fases:&nbsp;<\/p>\n\n\n\n<p>&#8211; Una primera de recopilaci\u00f3 de noms suggerits pels ve\u00efns del barri i el seu teixit comercial i social. Entre tots els noms proposats es triaran quatre opcions, una de les quals ser\u00e0 directament a proposta dels infants i joves de Germina.&nbsp;<\/p>\n\n\n\n<p>&#8211; En una segona fase s&#8217;obrir\u00e0 el per\u00edode de votaci\u00f3 a trav\u00e9s de l\u2019espai web Decidim. La proposta m\u00e9s votada ser\u00e0 l\u2019escollida per donar nom a la pla\u00e7a.&nbsp;<\/p>\n\n\n\n<p>La regidora de l\u2019\u00c0rea de Medi Ambient i Sostenibilitat i del Districte 2, Rosa Trenado, ha destacat \u201cla import\u00e0ncia de dur a terme aquest proc\u00e9s de manera conjunta amb Germina, ja que \u00e9s una manera d&#8217;implicar tant a les persones participants de l&#8217;entitat, com a la resta de ve\u00efns del barri en decisions importants, com per exemple la de triar el nom de la pla\u00e7a que perdurar\u00e0 durant molt de temps\u201d. &nbsp;<\/p>\n\n\n\n<p>La Fundaci\u00f3 Germina fa cinc anys que t\u00e9 en marxa el projecte \u201cQu\u00e8 passa a la pla\u00e7a\u201d, una iniciativa que busca millorar la conviv\u00e8ncia i aportar vitalitat a l\u2019espai que es troben just quan obren la porta. Per aquest motiu, des de la fundaci\u00f3 s\u2019assenyala que \u201cals infants, joves i fam\u00edlies els hi fa molta il\u00b7lusi\u00f3 que s\u2019inici\u00ef un proc\u00e9s participatiu i ve\u00efnal per donar m\u00e9s identitat a la fins ara pla\u00e7a sense nom\u201d.&nbsp;<\/p>\n","protected":false},"excerpt":{"rendered":"<p>L\u2019Ajuntament de Badalona posar\u00e0 en marxa durant el pr\u00f2xim mes de febrer un proc\u00e9s participatiu en el Districte 2 de la ciutat per a posar nom a la pla\u00e7a situada entre el carrer de Vallvidrera i l\u2019avinguda d\u2019en Caritg. Aquest proc\u00e9s ser\u00e0 treballat conjuntament per t\u00e8cnics municipals i participants de Germina, una entitat sense \u00e0nim [&hellip;]<\/p>\n","protected":false},"author":2,"featured_media":4721,"comment_status":"open","ping_status":"open","sticky":false,"template":"","format":"standard","meta":{"footnotes":""},"categories":[23],"tags":[],"class_list":{"0":"post-4720","1":"post","2":"type-post","3":"status-publish","4":"format-standard","5":"has-post-thumbnail","7":"category-actualitat"},"_links":{"self":[{"href":"https:\/\/areabadalona.com\/diario\/wp-json\/wp\/v2\/posts\/4720","targetHints":{"allow":["GET"]}}],"collection":[{"href":"https:\/\/areabadalona.com\/diario\/wp-json\/wp\/v2\/posts"}],"about":[{"href":"https:\/\/areabadalona.com\/diario\/wp-json\/wp\/v2\/types\/post"}],"author":[{"embeddable":true,"href":"https:\/\/areabadalona.com\/diario\/wp-json\/wp\/v2\/users\/2"}],"replies":[{"embeddable":true,"href":"https:\/\/areabadalona.com\/diario\/wp-json\/wp\/v2\/comments?post=4720"}],"version-history":[{"count":1,"href":"https:\/\/areabadalona.com\/diario\/wp-json\/wp\/v2\/posts\/4720\/revisions"}],"predecessor-version":[{"id":4722,"href":"https:\/\/areabadalona.com\/diario\/wp-json\/wp\/v2\/posts\/4720\/revisions\/4722"}],"wp:featuredmedia":[{"embeddable":true,"href":"https:\/\/areabadalona.com\/diario\/wp-json\/wp\/v2\/media\/4721"}],"wp:attachment":[{"href":"https:\/\/areabadalona.com\/diario\/wp-json\/wp\/v2\/media?parent=4720"}],"wp:term":[{"taxonomy":"category","embeddable":true,"href":"https:\/\/areabadalona.com\/diario\/wp-json\/wp\/v2\/categories?post=4720"},{"taxonomy":"post_tag","embeddable":true,"href":"https:\/\/areabadalona.com\/diario\/wp-json\/wp\/v2\/tags?post=4720"}],"curies":[{"name":"wp","href":"https:\/\/api.w.org\/{rel}","templated":true}]}}