{"id":4717,"date":"2023-02-01T09:55:11","date_gmt":"2023-02-01T09:55:11","guid":{"rendered":"https:\/\/areabadalona.com\/diario\/?p=4717"},"modified":"2023-02-01T09:55:12","modified_gmt":"2023-02-01T09:55:12","slug":"badalona-se-suma-al-dia-internacional-contra-la-mutilacio-genital-femenina-mgf-consolidant-el-programa-de-prevencio-i-atencio","status":"publish","type":"post","link":"https:\/\/areabadalona.com\/diario\/2023\/02\/01\/badalona-se-suma-al-dia-internacional-contra-la-mutilacio-genital-femenina-mgf-consolidant-el-programa-de-prevencio-i-atencio\/","title":{"rendered":"Badalona se suma al Dia Internacional Contra la Mutilaci\u00f3 Genital Femenina (MGF) consolidant el Programa de Prevenci\u00f3 i Atenci\u00f3\u00a0"},"content":{"rendered":"\n<p>El pr\u00f2xim dilluns 6 de febrer se celebra el Dia Internacional Contra la Mutilaci\u00f3 Genital Femenina, una pr\u00e0ctica que vulnera els drets humans de les dones i de les nenes. Amb l\u2019objectiu de potenciar pol\u00edtiques i accions de prevenci\u00f3 d\u2019aquesta pr\u00e0ctica, l\u2019Ajuntament de Badalona desenvolupa des de l\u2019any 2010 el \u201cPrograma de prevenci\u00f3 i atenci\u00f3 a la mutilaci\u00f3 genital femenina\u201d, en el marc d\u2019un conveni entre Badalona Serveis Assistencials, l\u2019Institut Catal\u00e0 de la Salut i l\u2019ONG Wassu Gambia Kafo, com entitat especialitzada des de fa m\u00e9s de 30 anys.&nbsp;<\/p>\n\n\n\n<p>Segons les darreres dades extretes del Mapa de Mutilaci\u00f3 Genital Femenina a Espanya 2022, publicat per la Universitat Aut\u00f2noma de Barcelona, Catalunya \u00e9s, amb difer\u00e8ncia, la comunitat aut\u00f2noma on m\u00e9s poblaci\u00f3 resideix procedent dels pa\u00efsos on es practica la MGF. A Badalona resideixen 339 dones procedents de pa\u00efsos en qu\u00e8 es practica la MGF, d\u2019aquestes, 87 s\u00f3n nenes de 0 a 14 anys. Si b\u00e9 aquesta pr\u00e0ctica no es realitza a Catalunya, als pa\u00efsos d\u2019origen \u00e9s una pr\u00e0ctica viva.&nbsp;<\/p>\n\n\n\n<p><strong>Formaci\u00f3 i assessorament professional&nbsp;<\/strong><\/p>\n\n\n\n<p>El Servei de Salut P\u00fablica de l\u2019Ajuntament, conjuntament amb l\u2019equip interdisciplinar de l\u2019ONG Wassu Gambia Kafo, ofereix de forma peri\u00f2dica formaci\u00f3 i assessorament als professionals que ho necessitin. Durant aquests anys s\u2019ha treballat amb m\u00e9s de 520 professionals de 10 serveis diferents de la ciutat, on es varen portar a cap cinc jornades de formaci\u00f3. A finals de l\u2019any passat es van dur a terme 12 sessions en grups redu\u00efts amb professionals de l\u2019atenci\u00f3 prim\u00e0ria de salut, en les quals 209 professionals han pogut rebre eines de sensibilitzaci\u00f3 sobre aquesta q\u00fcesti\u00f3. A m\u00e9s, s\u2019ha fet arribar a aquests professionals material \u00fatil per aquesta tasca, com manuals, guies, desplegables i l\u2019eina de la carta de comprom\u00eds preventiu. &nbsp;<\/p>\n\n\n\n<p>L\u2019objectiu d\u2019aquesta formaci\u00f3 \u00e9s augmentar la detecci\u00f3, l\u2019atenci\u00f3 i la prevenci\u00f3 d\u2019aquesta pr\u00e0ctica. La pr\u00f2xima formaci\u00f3, la sisena, est\u00e0 prevista per al 8 i el 14 de mar\u00e7, per a professionals de salut i residents d\u2019infermeria i medicina de Badalona.&nbsp;<\/p>\n\n\n\n<p>El \u201cPrograma de prevenci\u00f3 i atenci\u00f3 de la MGF de Badalona\u201d ha estat avaluat i proposat com a bona pr\u00e0ctica en el marc de la tesi <em>Una mirada calidosc\u00f2pica sobre la Mutilaci\u00f3 Genital Femenina a Catalunya<\/em> del Departament d\u2019Antropologia Social i Cultural de la UAB, defensada el setembre de 2017 per Aina Mangas, t\u00e8cnica de salut p\u00fablica del Servei de Salut de l\u2019Ajuntament de Badalona. &nbsp;<\/p>\n\n\n\n<p><strong>Badalona, municipi pioner&nbsp;<\/strong><\/p>\n\n\n\n<p>Una vegada avaluat el programa, Badalona s\u2019ha consolidat com a municipi pioner en el desplegament d\u2019un programa integral de prevenci\u00f3 i atenci\u00f3 a la mutilaci\u00f3 genital femenina on ha participat amb l\u2019ONG Wassu Gambia Kafo en l\u2019assessorament a altres municipis que han iniciat programes de prevenci\u00f3. &nbsp;<\/p>\n\n\n\n<p>La 4a tinent d\u2019alcaldia i regidora de l\u2019\u00c0mbit de Territori, Habitatge, Esports i Salut de l\u2019Ajuntament de Badalona, Teresa Gonz\u00e1lez, ha afirmat que: \u201cgr\u00e0cies a aquest reconeixement, la Federaci\u00f3 de Municipis de Catalunya (FMC) ha proposat l\u2019Ajuntament de Badalona, com a representaci\u00f3 de l\u2019FMC en el Comit\u00e8 Nacional per a una Intervenci\u00f3 coordinada contra la viol\u00e8ncia masclista\u201d.&nbsp;<\/p>\n\n\n\n<p>La regidora ha afegit que l\u2019avaluaci\u00f3 del programa: \u201cposa de manifest la necessitat de continuar aprofundint en les pol\u00edtiques i accions de prevenci\u00f3 d\u2019aquesta pr\u00e0ctica i de convertir aquests desafiaments interculturals en oportunitats de creixement conjunt\u201d. \u201cHem de fer un treball en xarxa aprofitant els circuits de serveis i entitats socials ja existents per tal d\u2019afavorir l\u2019abandonament d\u2019aquesta pr\u00e0ctica des del convenciment de les fam\u00edlies amb les quals es treballa\u201d.&nbsp;<\/p>\n\n\n\n<p>L\u2019ONG Wassu Gambia Kafo, que dona suport a Badalona en l\u2019execuci\u00f3 i desplegament del programa municipal, celebra el 6 i 7 de febrer el VI F\u00f2rum Internacional sobre la MGF a G\u00e0mbia, sota el lema \u201cTransferint coneixement per a una transformaci\u00f3 de les normes socials\u201d. L\u2019objectiu principal del f\u00f2rum \u00e9s actualitzar la investigaci\u00f3, els desenvolupaments i les intervencions a G\u00e0mbia, \u00c0frica i Europa per a l\u2019atenci\u00f3 i prevenci\u00f3 de la MGF i altres pr\u00e0ctiques lesives.&nbsp;<\/p>\n","protected":false},"excerpt":{"rendered":"<p>El pr\u00f2xim dilluns 6 de febrer se celebra el Dia Internacional Contra la Mutilaci\u00f3 Genital Femenina, una pr\u00e0ctica que vulnera els drets humans de les dones i de les nenes. Amb l\u2019objectiu de potenciar pol\u00edtiques i accions de prevenci\u00f3 d\u2019aquesta pr\u00e0ctica, l\u2019Ajuntament de Badalona desenvolupa des de l\u2019any 2010 el \u201cPrograma de prevenci\u00f3 i atenci\u00f3 [&hellip;]<\/p>\n","protected":false},"author":2,"featured_media":4718,"comment_status":"open","ping_status":"open","sticky":false,"template":"","format":"standard","meta":{"footnotes":""},"categories":[23,24],"tags":[],"class_list":{"0":"post-4717","1":"post","2":"type-post","3":"status-publish","4":"format-standard","5":"has-post-thumbnail","7":"category-actualitat","8":"category-societat"},"_links":{"self":[{"href":"https:\/\/areabadalona.com\/diario\/wp-json\/wp\/v2\/posts\/4717","targetHints":{"allow":["GET"]}}],"collection":[{"href":"https:\/\/areabadalona.com\/diario\/wp-json\/wp\/v2\/posts"}],"about":[{"href":"https:\/\/areabadalona.com\/diario\/wp-json\/wp\/v2\/types\/post"}],"author":[{"embeddable":true,"href":"https:\/\/areabadalona.com\/diario\/wp-json\/wp\/v2\/users\/2"}],"replies":[{"embeddable":true,"href":"https:\/\/areabadalona.com\/diario\/wp-json\/wp\/v2\/comments?post=4717"}],"version-history":[{"count":1,"href":"https:\/\/areabadalona.com\/diario\/wp-json\/wp\/v2\/posts\/4717\/revisions"}],"predecessor-version":[{"id":4719,"href":"https:\/\/areabadalona.com\/diario\/wp-json\/wp\/v2\/posts\/4717\/revisions\/4719"}],"wp:featuredmedia":[{"embeddable":true,"href":"https:\/\/areabadalona.com\/diario\/wp-json\/wp\/v2\/media\/4718"}],"wp:attachment":[{"href":"https:\/\/areabadalona.com\/diario\/wp-json\/wp\/v2\/media?parent=4717"}],"wp:term":[{"taxonomy":"category","embeddable":true,"href":"https:\/\/areabadalona.com\/diario\/wp-json\/wp\/v2\/categories?post=4717"},{"taxonomy":"post_tag","embeddable":true,"href":"https:\/\/areabadalona.com\/diario\/wp-json\/wp\/v2\/tags?post=4717"}],"curies":[{"name":"wp","href":"https:\/\/api.w.org\/{rel}","templated":true}]}}