{"id":4714,"date":"2023-01-31T09:16:41","date_gmt":"2023-01-31T09:16:41","guid":{"rendered":"https:\/\/areabadalona.com\/diario\/?p=4714"},"modified":"2023-01-31T09:16:41","modified_gmt":"2023-01-31T09:16:41","slug":"restauracio-i-locals-doci-podran-tancar-mitja-hora-mes-tard-durant-la-celebracio-de-la-copa-del-rei-de-basquet-a-badalona","status":"publish","type":"post","link":"https:\/\/areabadalona.com\/diario\/2023\/01\/31\/restauracio-i-locals-doci-podran-tancar-mitja-hora-mes-tard-durant-la-celebracio-de-la-copa-del-rei-de-basquet-a-badalona\/","title":{"rendered":"Restauraci\u00f3 i locals d\u2019oci podran tancar mitja hora m\u00e9s tard durant la celebraci\u00f3 de la Copa del Rei de b\u00e0squet a Badalona\u00a0"},"content":{"rendered":"\n<p>L\u2019alcalde de Badalona, Rub\u00e9n Guijarro, ha signat un Ban segons el qual la restauraci\u00f3 i els locals d\u2019oci podran ampliar el seu horari per oferir un millor servei als assistents a la celebraci\u00f3 de la Copa del Rei de b\u00e0squet que tindr\u00e0 lloc a Badalona del 17 al 19 de febrer.&nbsp;<\/p>\n\n\n\n<p>L\u2019horari de les activitats recreatives de bar musical, restaurant musical, sala de concert, caf\u00e8 teatre, caf\u00e8 concert, restaurant, bar, restaurant bar i sal\u00f3 de banquets poden perllongar l\u2019horari m\u00e0xim de tancament en trenta minuts sobre l\u2019horari general. Pel que fa a les discoteques, sales de ball i sales de festes amb espectacle l\u2019ampliaci\u00f3 \u00e9s de quaranta-cinc minuts sobre l\u2019horari general de tancament.&nbsp;<\/p>\n\n\n\n<p>L\u2019alcalde assenyala en el ban que \u201cdurant aquests dies potser podrem deixar de banda les preocupacions, els problemes i l&#8217;habitual tr\u00e0fec del nostre dia a dia per intentar celebrar i assaborir, tots els ve\u00efns i ve\u00efnes, uns dies en qu\u00e8 ha de primar els valors de la solidaritat de l\u2019esport\u201d i fa una crida a la ciutadania de gaudir del b\u00e0squet i de la ciutat. &nbsp;<\/p>\n\n\n\n<p>Aix\u00ed mateix, l\u2019alcalde afegeix que: \u201cEspero que aquest torneig sigui una festa de la conviv\u00e8ncia i us demano paci\u00e8ncia i comprensi\u00f3 per les possibles limitacions d&#8217;aparcament i de circulaci\u00f3 per tal de desenvolupar tots els actes de la Copa amb seguretat i per a un millor llu\u00efment de la ciutat cap a l\u2019exterior\u201d.&nbsp;<\/p>\n","protected":false},"excerpt":{"rendered":"<p>L\u2019alcalde de Badalona, Rub\u00e9n Guijarro, ha signat un Ban segons el qual la restauraci\u00f3 i els locals d\u2019oci podran ampliar el seu horari per oferir un millor servei als assistents a la celebraci\u00f3 de la Copa del Rei de b\u00e0squet que tindr\u00e0 lloc a Badalona del 17 al 19 de febrer.&nbsp; L\u2019horari de les activitats [&hellip;]<\/p>\n","protected":false},"author":2,"featured_media":4715,"comment_status":"open","ping_status":"open","sticky":false,"template":"","format":"standard","meta":{"footnotes":""},"categories":[23],"tags":[],"class_list":{"0":"post-4714","1":"post","2":"type-post","3":"status-publish","4":"format-standard","5":"has-post-thumbnail","7":"category-actualitat"},"_links":{"self":[{"href":"https:\/\/areabadalona.com\/diario\/wp-json\/wp\/v2\/posts\/4714","targetHints":{"allow":["GET"]}}],"collection":[{"href":"https:\/\/areabadalona.com\/diario\/wp-json\/wp\/v2\/posts"}],"about":[{"href":"https:\/\/areabadalona.com\/diario\/wp-json\/wp\/v2\/types\/post"}],"author":[{"embeddable":true,"href":"https:\/\/areabadalona.com\/diario\/wp-json\/wp\/v2\/users\/2"}],"replies":[{"embeddable":true,"href":"https:\/\/areabadalona.com\/diario\/wp-json\/wp\/v2\/comments?post=4714"}],"version-history":[{"count":1,"href":"https:\/\/areabadalona.com\/diario\/wp-json\/wp\/v2\/posts\/4714\/revisions"}],"predecessor-version":[{"id":4716,"href":"https:\/\/areabadalona.com\/diario\/wp-json\/wp\/v2\/posts\/4714\/revisions\/4716"}],"wp:featuredmedia":[{"embeddable":true,"href":"https:\/\/areabadalona.com\/diario\/wp-json\/wp\/v2\/media\/4715"}],"wp:attachment":[{"href":"https:\/\/areabadalona.com\/diario\/wp-json\/wp\/v2\/media?parent=4714"}],"wp:term":[{"taxonomy":"category","embeddable":true,"href":"https:\/\/areabadalona.com\/diario\/wp-json\/wp\/v2\/categories?post=4714"},{"taxonomy":"post_tag","embeddable":true,"href":"https:\/\/areabadalona.com\/diario\/wp-json\/wp\/v2\/tags?post=4714"}],"curies":[{"name":"wp","href":"https:\/\/api.w.org\/{rel}","templated":true}]}}