{"id":4704,"date":"2023-01-26T09:30:57","date_gmt":"2023-01-26T09:30:57","guid":{"rendered":"https:\/\/areabadalona.com\/diario\/?p=4704"},"modified":"2023-01-26T09:30:58","modified_gmt":"2023-01-26T09:30:58","slug":"dilluns-30-de-gener-badalona-celebra-el-dia-escolar-de-la-no-violencia-i-la-pau","status":"publish","type":"post","link":"https:\/\/areabadalona.com\/diario\/2023\/01\/26\/dilluns-30-de-gener-badalona-celebra-el-dia-escolar-de-la-no-violencia-i-la-pau\/","title":{"rendered":"Dilluns 30 de gener Badalona celebra el Dia Escolar de la No Viol\u00e8ncia i la Pau\u00a0"},"content":{"rendered":"\n<p>Uns 550 nens i nenes de 3r, 4t i 5\u00e8 de 12 escoles de Badalona (Bet\u00falia, Cultural Artigues, Folch i Torres, \u00cdtaca, Joan Coret, Josep Carner, Lestonnac, Lola Anglada, Merc\u00e8 Rodoreda, Miguel Hern\u00e1ndez, Minguella i Rafael Alberti)&nbsp;<\/p>\n\n\n\n<p>celebraran dilluns 30 de gener el Dia Escolar de la No Viol\u00e8ncia i la Pau (DENIP) elaborant un manifest i participant en dues activitats art\u00edstiques a l\u2019entorn de la Pau.&nbsp;<\/p>\n\n\n\n<p>El 30 de gener, coincidint amb la data en qu\u00e8 es recorda l\u2019aniversari de la mort del pensador i l\u00edder de la independ\u00e8ncia de l\u2019\u00cdndia Mohandas Karamchand Gandhi l\u2019any 1948, es pintar\u00e0 a la pla\u00e7a de les Brigades Internacionals, de 10 a 12 hores, un mural per la Pau, es llegir\u00e0 el manifest i es faran jocs i un espectacle d\u2019animaci\u00f3 amb el grup Fefe i Companyia. La creaci\u00f3 del mural compta amb el suport de Natalia Rubio, educadora art\u00edstica i artterapeuta. &nbsp;<\/p>\n\n\n\n<p>El dimarts 7 de febrer, a les 18 hores, al Centre Comercial M\u00e0gic Badalona, s&#8217;inaugurar\u00e0 l&#8217;exposici\u00f3 \u201cMurals per la Pau\u201d. La mostra estar\u00e0 oberta fins dimarts 21 de febrer. El proc\u00e9s de creaci\u00f3 dels murals compta amb el suport de Gloria Vives Xiol, artista pl\u00e0stica i formadora de docents.&nbsp;<\/p>\n\n\n\n<p>El DENIP 2023 est\u00e0 organitzat per les dotze escoles que hi participen, pel Centre de recursos pedag\u00f2gics del Departament d\u2019Educaci\u00f3 de la Generalitat de Catalunya, pels Serveis d\u2019Educaci\u00f3 i d&#8217;Espais P\u00fablics, i per l&#8217;Oficina Municipal de Districte (OMD) 4 de l\u2019Ajuntament de Badalona, amb la col\u00b7laboraci\u00f3 de Fem Barri-Plataforma Sant Antoni de Llefi\u00e0 i del Centre Comercial M\u00e0gic Badalona.&nbsp;<\/p>\n\n\n\n<p>L&#8217;acci\u00f3 art\u00edstica del mural per la Pau que es pintar\u00e0 el 30 de gener s&#8217;emmarca en un projecte global que comptar\u00e0 amb tres accions m\u00e9s per a la millora de l&#8217;espai urb\u00e0 des d\u2019una perspectiva participativa i de desenvolupament comunitari. Els murals es pinten a les quatre estructures piramidals que hi ha a la pla\u00e7a de les Brigades Internacionals i van acompanyades de diferents millores de l\u2019equipament urb\u00e0 de la pla\u00e7a.&nbsp;<\/p>\n\n\n\n<p>Aix\u00ed doncs est\u00e0 previst que el dilluns 27 de febrer es pinti un mural vinculat al Dia Internacional de la Just\u00edcia Social, a Badalona \u00abGent Gran i Just\u00edcia Social\u00bb i que el dissabte 4 de mar\u00e7 se\u2019n realitzi un altre vinculat al Dia Internacional de les Dones.&nbsp;<\/p>\n\n\n\n<p>Cara a la primavera es pintar\u00e0 el darrer mural, per part d&#8217;infants de les escoles i centres socioeducatius que formen part del Consell dels Infants de Badalona, en el marc del projecte \u00abBadalona, com la veiem i com la volem!\u00bb.&nbsp;<\/p>\n\n\n\n<p>El projecte dels murals de la pla\u00e7a de les Brigades Internacionals est\u00e0 impulsat per l\u2019associaci\u00f3 Fem Barri-Plataforma Sant Antoni de Llefi\u00e0 i els Serveis d&#8217;Educaci\u00f3, d&#8217;Espais P\u00fablics, de Feminismes, de Gent Gran, i l&#8217;OMD 4 de l&#8217;Ajuntament de Badalona.&nbsp;<\/p>\n","protected":false},"excerpt":{"rendered":"<p>Uns 550 nens i nenes de 3r, 4t i 5\u00e8 de 12 escoles de Badalona (Bet\u00falia, Cultural Artigues, Folch i Torres, \u00cdtaca, Joan Coret, Josep Carner, Lestonnac, Lola Anglada, Merc\u00e8 Rodoreda, Miguel Hern\u00e1ndez, Minguella i Rafael Alberti)&nbsp; celebraran dilluns 30 de gener el Dia Escolar de la No Viol\u00e8ncia i la Pau (DENIP) elaborant un [&hellip;]<\/p>\n","protected":false},"author":2,"featured_media":4705,"comment_status":"open","ping_status":"open","sticky":false,"template":"","format":"standard","meta":{"footnotes":""},"categories":[23],"tags":[],"class_list":{"0":"post-4704","1":"post","2":"type-post","3":"status-publish","4":"format-standard","5":"has-post-thumbnail","7":"category-actualitat"},"_links":{"self":[{"href":"https:\/\/areabadalona.com\/diario\/wp-json\/wp\/v2\/posts\/4704","targetHints":{"allow":["GET"]}}],"collection":[{"href":"https:\/\/areabadalona.com\/diario\/wp-json\/wp\/v2\/posts"}],"about":[{"href":"https:\/\/areabadalona.com\/diario\/wp-json\/wp\/v2\/types\/post"}],"author":[{"embeddable":true,"href":"https:\/\/areabadalona.com\/diario\/wp-json\/wp\/v2\/users\/2"}],"replies":[{"embeddable":true,"href":"https:\/\/areabadalona.com\/diario\/wp-json\/wp\/v2\/comments?post=4704"}],"version-history":[{"count":1,"href":"https:\/\/areabadalona.com\/diario\/wp-json\/wp\/v2\/posts\/4704\/revisions"}],"predecessor-version":[{"id":4706,"href":"https:\/\/areabadalona.com\/diario\/wp-json\/wp\/v2\/posts\/4704\/revisions\/4706"}],"wp:featuredmedia":[{"embeddable":true,"href":"https:\/\/areabadalona.com\/diario\/wp-json\/wp\/v2\/media\/4705"}],"wp:attachment":[{"href":"https:\/\/areabadalona.com\/diario\/wp-json\/wp\/v2\/media?parent=4704"}],"wp:term":[{"taxonomy":"category","embeddable":true,"href":"https:\/\/areabadalona.com\/diario\/wp-json\/wp\/v2\/categories?post=4704"},{"taxonomy":"post_tag","embeddable":true,"href":"https:\/\/areabadalona.com\/diario\/wp-json\/wp\/v2\/tags?post=4704"}],"curies":[{"name":"wp","href":"https:\/\/api.w.org\/{rel}","templated":true}]}}