{"id":4692,"date":"2023-01-24T09:21:25","date_gmt":"2023-01-24T09:21:25","guid":{"rendered":"https:\/\/areabadalona.com\/diario\/?p=4692"},"modified":"2023-01-24T09:21:56","modified_gmt":"2023-01-24T09:21:56","slug":"arriba-a-badalona-lexposicio-itinerant-menja-be-tu-hi-guanyes-per-promoure-lalimentacio-saludable-dels-infants","status":"publish","type":"post","link":"https:\/\/areabadalona.com\/diario\/2023\/01\/24\/arriba-a-badalona-lexposicio-itinerant-menja-be-tu-hi-guanyes-per-promoure-lalimentacio-saludable-dels-infants\/","title":{"rendered":"Arriba a Badalona l&#8217;Exposici\u00f3 itinerant \u201cMenja b\u00e9, tu hi guanyes!\u201d per promoure l\u2019alimentaci\u00f3 saludable dels infants\u00a0"},"content":{"rendered":"\n<p>La Fundaci\u00f3 Ateneu Sant Roc acull fins el dilluns 6 de febrer l\u2019exposici\u00f3 itinerant \u201cMenja b\u00e9, tu hi guanyes!\u201d que posteriorment, del 6 al 20 de febrer, es podr\u00e0 veure al Centre C\u00edvic La Salut. Aquesta exposici\u00f3 itinerant i interactiva s\u2019adre\u00e7a a nens i nenes en edats compreses entre els 8 i els 12 anys, amb la voluntat de promoure h\u00e0bits alimentaris saludables amb productes de proximitat i qualitat.&nbsp;<\/p>\n\n\n\n<p>\u201cMenja b\u00e9, tu hi guanyes!\u201d pret\u00e9n de manera did\u00e0ctica donar rellev\u00e0ncia a l\u2019alimentaci\u00f3 com a eina \u00fatil, en la qual els infants s\u00f3n els protagonistes principals. La mostra tamb\u00e9 incideix en la import\u00e0ncia de l&#8217;activitat f\u00edsica, d\u2019un bon descans i en mantenir uns bons h\u00e0bits higi\u00e8nics amb l\u2019objectiu de promoure un estil de vida m\u00e9s saludable.&nbsp;<\/p>\n","protected":false},"excerpt":{"rendered":"<p>La Fundaci\u00f3 Ateneu Sant Roc acull fins el dilluns 6 de febrer l\u2019exposici\u00f3 itinerant \u201cMenja b\u00e9, tu hi guanyes!\u201d que posteriorment, del 6 al 20 de febrer, es podr\u00e0 veure al Centre C\u00edvic La Salut. Aquesta exposici\u00f3 itinerant i interactiva s\u2019adre\u00e7a a nens i nenes en edats compreses entre els 8 i els 12 anys, [&hellip;]<\/p>\n","protected":false},"author":2,"featured_media":4694,"comment_status":"open","ping_status":"open","sticky":false,"template":"","format":"standard","meta":{"footnotes":""},"categories":[23],"tags":[],"class_list":{"0":"post-4692","1":"post","2":"type-post","3":"status-publish","4":"format-standard","5":"has-post-thumbnail","7":"category-actualitat"},"_links":{"self":[{"href":"https:\/\/areabadalona.com\/diario\/wp-json\/wp\/v2\/posts\/4692","targetHints":{"allow":["GET"]}}],"collection":[{"href":"https:\/\/areabadalona.com\/diario\/wp-json\/wp\/v2\/posts"}],"about":[{"href":"https:\/\/areabadalona.com\/diario\/wp-json\/wp\/v2\/types\/post"}],"author":[{"embeddable":true,"href":"https:\/\/areabadalona.com\/diario\/wp-json\/wp\/v2\/users\/2"}],"replies":[{"embeddable":true,"href":"https:\/\/areabadalona.com\/diario\/wp-json\/wp\/v2\/comments?post=4692"}],"version-history":[{"count":1,"href":"https:\/\/areabadalona.com\/diario\/wp-json\/wp\/v2\/posts\/4692\/revisions"}],"predecessor-version":[{"id":4693,"href":"https:\/\/areabadalona.com\/diario\/wp-json\/wp\/v2\/posts\/4692\/revisions\/4693"}],"wp:featuredmedia":[{"embeddable":true,"href":"https:\/\/areabadalona.com\/diario\/wp-json\/wp\/v2\/media\/4694"}],"wp:attachment":[{"href":"https:\/\/areabadalona.com\/diario\/wp-json\/wp\/v2\/media?parent=4692"}],"wp:term":[{"taxonomy":"category","embeddable":true,"href":"https:\/\/areabadalona.com\/diario\/wp-json\/wp\/v2\/categories?post=4692"},{"taxonomy":"post_tag","embeddable":true,"href":"https:\/\/areabadalona.com\/diario\/wp-json\/wp\/v2\/tags?post=4692"}],"curies":[{"name":"wp","href":"https:\/\/api.w.org\/{rel}","templated":true}]}}