{"id":4652,"date":"2023-01-17T10:16:01","date_gmt":"2023-01-17T10:16:01","guid":{"rendered":"https:\/\/areabadalona.com\/diario\/?p=4652"},"modified":"2023-01-18T10:16:38","modified_gmt":"2023-01-18T10:16:38","slug":"lajuntament-de-badalona-impulsa-per-primera-vegada-un-programa-per-contractar-dotze-persones-trans-en-situacio-datur","status":"publish","type":"post","link":"https:\/\/areabadalona.com\/diario\/2023\/01\/17\/lajuntament-de-badalona-impulsa-per-primera-vegada-un-programa-per-contractar-dotze-persones-trans-en-situacio-datur\/","title":{"rendered":"L\u2019Ajuntament de Badalona impulsa, per primera vegada, un programa per contractar dotze persones trans en situaci\u00f3 d\u2019atur\u00a0"},"content":{"rendered":"\n<p>L\u2019Ajuntament de Badalona, a trav\u00e9s del servei Impuls Municipal de Promoci\u00f3 de l\u2019Ocupaci\u00f3 (IMPO) seleccionar\u00e0 i contractar\u00e0, durant 12 mesos, a temps complert, a 12 persones del col\u00b7lectiu trans en situaci\u00f3 d\u2019atur i inscrites al Servei P\u00fablic d&#8217;Ocupaci\u00f3 de Catalunya com a demandants d&#8217;ocupaci\u00f3 no ocupades. &nbsp;<\/p>\n\n\n\n<p>Les persones contractades rebran una formaci\u00f3 de car\u00e0cter transversal i desenvoluparan la seva feina entre el mes de mar\u00e7 de 2023 i el mes de febrer de 2024 amb l\u2019objectiu de millorar la seva ocupabilitat amb l\u2019adquisici\u00f3 d\u2019aptituds i compet\u00e8ncies, tant professionals i t\u00e8cniques, com personals i transversals. A m\u00e9s, durant la durada del contracte rebran un acompanyament a la seva contractaci\u00f3.&nbsp;<\/p>\n\n\n\n<p>Les inscripcions es podran fer del 23 al 27 de gener de 2023, de 9 a 14 hores, al centre del servei IMPO situat a la masia Can Bosc\u00e0, carrer de la Nova Can\u00e7\u00f3, 1 de Badalona. Es podr\u00e0 recollir el formulari d\u2019inscripci\u00f3 presentant la targeta d\u2019atur com a demandant d\u2019ocupaci\u00f3. &nbsp;<\/p>\n\n\n\n<p>Segons el primer tinent d\u2019alcaldia de l\u2019Ajuntament de Badalona, Alex Montorn\u00e8s, aquesta iniciativa demostra que \u00abaquest \u00e9s un Govern comprom\u00e8s amb la igualtat d&#8217;oportunitats per a tothom. Per aix\u00f2 hem considerat que calia impulsar un programa que ajuda a visualitzar un col\u00b7lectiu que no sempre ha gaudit de les mateixes oportunitats que la resta de ciutadania.\u00bb&nbsp;<\/p>\n\n\n\n<p>Per a qualsevol consulta referent a aquesta convocat\u00f2ria podeu trucar al tel\u00e8fon 93 460 52 00, de 9 a 14 hores, fins al 27 de gener de 2023.&nbsp;<\/p>\n\n\n\n<p>Aquest programa est\u00e0 finan\u00e7at pel Servei P\u00fablic d\u2019Ocupaci\u00f3 de Catalunya.&nbsp;<\/p>\n","protected":false},"excerpt":{"rendered":"<p>L\u2019Ajuntament de Badalona, a trav\u00e9s del servei Impuls Municipal de Promoci\u00f3 de l\u2019Ocupaci\u00f3 (IMPO) seleccionar\u00e0 i contractar\u00e0, durant 12 mesos, a temps complert, a 12 persones del col\u00b7lectiu trans en situaci\u00f3 d\u2019atur i inscrites al Servei P\u00fablic d&#8217;Ocupaci\u00f3 de Catalunya com a demandants d&#8217;ocupaci\u00f3 no ocupades. &nbsp; Les persones contractades rebran una formaci\u00f3 de car\u00e0cter [&hellip;]<\/p>\n","protected":false},"author":2,"featured_media":2034,"comment_status":"open","ping_status":"open","sticky":false,"template":"","format":"standard","meta":{"footnotes":""},"categories":[23],"tags":[],"class_list":{"0":"post-4652","1":"post","2":"type-post","3":"status-publish","4":"format-standard","5":"has-post-thumbnail","7":"category-actualitat"},"_links":{"self":[{"href":"https:\/\/areabadalona.com\/diario\/wp-json\/wp\/v2\/posts\/4652","targetHints":{"allow":["GET"]}}],"collection":[{"href":"https:\/\/areabadalona.com\/diario\/wp-json\/wp\/v2\/posts"}],"about":[{"href":"https:\/\/areabadalona.com\/diario\/wp-json\/wp\/v2\/types\/post"}],"author":[{"embeddable":true,"href":"https:\/\/areabadalona.com\/diario\/wp-json\/wp\/v2\/users\/2"}],"replies":[{"embeddable":true,"href":"https:\/\/areabadalona.com\/diario\/wp-json\/wp\/v2\/comments?post=4652"}],"version-history":[{"count":1,"href":"https:\/\/areabadalona.com\/diario\/wp-json\/wp\/v2\/posts\/4652\/revisions"}],"predecessor-version":[{"id":4653,"href":"https:\/\/areabadalona.com\/diario\/wp-json\/wp\/v2\/posts\/4652\/revisions\/4653"}],"wp:featuredmedia":[{"embeddable":true,"href":"https:\/\/areabadalona.com\/diario\/wp-json\/wp\/v2\/media\/2034"}],"wp:attachment":[{"href":"https:\/\/areabadalona.com\/diario\/wp-json\/wp\/v2\/media?parent=4652"}],"wp:term":[{"taxonomy":"category","embeddable":true,"href":"https:\/\/areabadalona.com\/diario\/wp-json\/wp\/v2\/categories?post=4652"},{"taxonomy":"post_tag","embeddable":true,"href":"https:\/\/areabadalona.com\/diario\/wp-json\/wp\/v2\/tags?post=4652"}],"curies":[{"name":"wp","href":"https:\/\/api.w.org\/{rel}","templated":true}]}}