{"id":4649,"date":"2023-01-17T12:42:17","date_gmt":"2023-01-17T12:42:17","guid":{"rendered":"https:\/\/areabadalona.com\/diario\/?p=4649"},"modified":"2023-01-17T12:42:18","modified_gmt":"2023-01-17T12:42:18","slug":"lespai-betulia-presenta-lexposicio-paraula-materia-imatge","status":"publish","type":"post","link":"https:\/\/areabadalona.com\/diario\/2023\/01\/17\/lespai-betulia-presenta-lexposicio-paraula-materia-imatge\/","title":{"rendered":"L\u2019Espai Bet\u00falia presenta l\u2019exposici\u00f3 \u201cParaula, mat\u00e8ria, imatge\u201d\u00a0"},"content":{"rendered":"\n<p>Des d\u2019avui 17 de gener fins al 3 de mar\u00e7, l\u2019Espai Bet\u00falia, Centre de la paraula i les lletres, acull l\u2019exposici\u00f3 <strong>Paraula, mat\u00e8ria, imatge<\/strong>, d\u2019Arnau Puig, Agust\u00ed Penad\u00e8s, Llu\u00eds Ivern.&nbsp;<\/p>\n\n\n\n<p>L\u2019exposici\u00f3 presenta un conjunt de fotografies de Llu\u00eds Ivern que exploren les formes, textures, ombres i llums contingudes en algunes de les obres escult\u00f2riques d\u2019Agust\u00ed Penad\u00e8s, i que van donar peu a un conjunt de reflexions d\u2019Arnau Puig. L\u2019exposici\u00f3, per tant, ofereix la fusi\u00f3 d\u2019aquests tres llenguatges complementaris: escultura, fotografia i paraula.&nbsp;<\/p>\n\n\n\n<p>La inauguraci\u00f3 de l\u2019exposici\u00f3 tindr\u00e0 lloc a les 19 hores d\u2019avui 17 de gener a l\u2019Espai Bet\u00falia, carrer d\u2019Enric Borr\u00e0s, 43-47 i comptar\u00e0 amb la pres\u00e8ncia de dos dels autors: Agust\u00ed Penad\u00e8s i Llu\u00eds Ivern (Arnau Puig va morir el 2020) aix\u00ed com de la regidora de Cultura de l\u2019Ajuntament de Badalona, Anna M. Lara Carmona&nbsp;<\/p>\n\n\n\n<p>Per al dimarts 14 de febrer s\u2019ha previst una visita guiada amb la pres\u00e8ncia de Llu\u00eds Ivern a partir de les 19 hores. Cal reserva pr\u00e8via trucant al 93 464 62 55 o escrivint a <a href=\"mailto:espaibetulia@badalona.cat\">espaibetulia@badalona.cat<\/a> &nbsp;<\/p>\n\n\n\n<p><strong>Biografia dels autors<\/strong>:&nbsp;<\/p>\n\n\n\n<p><strong>ARNAU PUIG<\/strong> (Barcelona, 1926 &#8211; 2020) ha estat una figura cabdal en l&#8217;art catal\u00e0 de la segona meitat del s. XX. Impulsor de l\u2019avantguardisme a Catalunya i fundador de la revista Dau al Set de la qual en sort\u00ed el grup d\u2019art del qual en fou te\u00f2ric. Com a fil\u00f2sof, fruit dels anys d&#8217;estada a la capital francesa, va mantenir un substrat existencialista que es reflectiria a les diferents publicacions que recullen el corpus del seu pensament. Entre els seus importants reconeixement destaquen la Creu de Sant Jordi (1992), el Premi Nacional de Cultura (2012) o la Medalla d&#8217;Oficial de l&#8217;Orde de les Arts i les Lletres concedida pel Govern franc\u00e8s (2017).&nbsp;<\/p>\n\n\n\n<p><strong>AGUST\u00cd PENAD\u00c8S<\/strong> (Manel, Val\u00e8ncia, 1935) \u00e9s un pintor i escultor de llarga traject\u00f2ria amb nombroses exposicions arreu d&#8217;Europa. En el conjunt de la seva obra fa servir nombrosos i variats materials: llimadures i esc\u00f2ries de ferro, planxes met\u00e0l\u00b7liques, carb\u00f3 mineral, terra cassel, terra de foneria, ferro colat, fustes, resines, tintes, pigments i un llarg etc. Penad\u00e8s ha treballat en pintures de grans dimensions i \u00e9s notable la seva faceta com a escultor. La seva ha estat una obra lligada sempre als postulats de l&#8217;informalisme. L&#8217;obra de Penad\u00e8s est\u00e0 representada a importants museus i col\u00b7leccions p\u00fabliques de Catalunya, Espanya i Italia.&nbsp;<\/p>\n\n\n\n<p><strong>LLU\u00cdS IVERN<\/strong> (Barcelona, 1962) \u00e9s un artista que utilitza diferents recursos visuals per expressar-se amb una obra que centra el seu inter\u00e8s en les empremtes gr\u00e0fiques de l&#8217;\u00e9sser hum\u00e0 i la relaci\u00f3 que es despr\u00e8n entre cultura i natura. Ha realitzat nombroses exposicions, com a pintor i gravador. En el terreny de l&#8217;art gr\u00e0fic ha mantingut una pres\u00e8ncia constant en algunes de les principals biennals internacionals de gravat celebrades a Europa, Am\u00e8rica i \u00c0sia on ha obtingut reconeixements diversos. La seva obra figura a museus i col\u00b7leccions p\u00fabliques de Catalunya, Espanya, Portugal, Canad\u00e0 i Xina, entre d\u2019altres pa\u00efsos.&nbsp;<\/p>\n","protected":false},"excerpt":{"rendered":"<p>Des d\u2019avui 17 de gener fins al 3 de mar\u00e7, l\u2019Espai Bet\u00falia, Centre de la paraula i les lletres, acull l\u2019exposici\u00f3 Paraula, mat\u00e8ria, imatge, d\u2019Arnau Puig, Agust\u00ed Penad\u00e8s, Llu\u00eds Ivern.&nbsp; L\u2019exposici\u00f3 presenta un conjunt de fotografies de Llu\u00eds Ivern que exploren les formes, textures, ombres i llums contingudes en algunes de les obres escult\u00f2riques d\u2019Agust\u00ed [&hellip;]<\/p>\n","protected":false},"author":2,"featured_media":4650,"comment_status":"open","ping_status":"open","sticky":false,"template":"","format":"standard","meta":{"footnotes":""},"categories":[23,25],"tags":[],"class_list":{"0":"post-4649","1":"post","2":"type-post","3":"status-publish","4":"format-standard","5":"has-post-thumbnail","7":"category-actualitat","8":"category-cultura"},"_links":{"self":[{"href":"https:\/\/areabadalona.com\/diario\/wp-json\/wp\/v2\/posts\/4649","targetHints":{"allow":["GET"]}}],"collection":[{"href":"https:\/\/areabadalona.com\/diario\/wp-json\/wp\/v2\/posts"}],"about":[{"href":"https:\/\/areabadalona.com\/diario\/wp-json\/wp\/v2\/types\/post"}],"author":[{"embeddable":true,"href":"https:\/\/areabadalona.com\/diario\/wp-json\/wp\/v2\/users\/2"}],"replies":[{"embeddable":true,"href":"https:\/\/areabadalona.com\/diario\/wp-json\/wp\/v2\/comments?post=4649"}],"version-history":[{"count":1,"href":"https:\/\/areabadalona.com\/diario\/wp-json\/wp\/v2\/posts\/4649\/revisions"}],"predecessor-version":[{"id":4651,"href":"https:\/\/areabadalona.com\/diario\/wp-json\/wp\/v2\/posts\/4649\/revisions\/4651"}],"wp:featuredmedia":[{"embeddable":true,"href":"https:\/\/areabadalona.com\/diario\/wp-json\/wp\/v2\/media\/4650"}],"wp:attachment":[{"href":"https:\/\/areabadalona.com\/diario\/wp-json\/wp\/v2\/media?parent=4649"}],"wp:term":[{"taxonomy":"category","embeddable":true,"href":"https:\/\/areabadalona.com\/diario\/wp-json\/wp\/v2\/categories?post=4649"},{"taxonomy":"post_tag","embeddable":true,"href":"https:\/\/areabadalona.com\/diario\/wp-json\/wp\/v2\/tags?post=4649"}],"curies":[{"name":"wp","href":"https:\/\/api.w.org\/{rel}","templated":true}]}}