{"id":4646,"date":"2023-01-12T13:08:24","date_gmt":"2023-01-12T13:08:24","guid":{"rendered":"https:\/\/areabadalona.com\/diario\/?p=4646"},"modified":"2023-01-13T13:09:44","modified_gmt":"2023-01-13T13:09:44","slug":"la-favb-es-reuneix-amb-aida-llaurado-i-en-comu-podem-al-parlament-pel-perllongament-de-la-l1","status":"publish","type":"post","link":"https:\/\/areabadalona.com\/diario\/2023\/01\/12\/la-favb-es-reuneix-amb-aida-llaurado-i-en-comu-podem-al-parlament-pel-perllongament-de-la-l1\/","title":{"rendered":"<strong>La FAVB es reuneix amb A\u00efda Llaurad\u00f3 i En Com\u00fa Podem al Parlament pel perllongament de la L1<\/strong>"},"content":{"rendered":"\n<p>La Taula de Mobilitat i Accessibilitat de la FAVB es va reunir al Parlament amb A\u00efda Llaurad\u00f3, candidata de Badalona En Com\u00fa Podem a l&#8217;alcaldia de Badalona, amb el diputat Marc Pares, del Grup Parlamentari d&#8217;En Com\u00fa Podem, i representants del Grup Municipal de Badalona En Com\u00fa Podem com Dani Alfonso, Dani Sosa i Paula Mart\u00ednez.<\/p>\n\n\n\n<p>L\u2019organitzaci\u00f3 morada i la Federaci\u00f3 d\u2019Associacions de Ve\u00efns de Badalona consideren que despr\u00e9s de la sortida de Junts del Govern de la Generalitat de Catalunya, i el corresponent cessament del conseller de Territori Jordi Puigner\u00f3, que va anunciar el ajornament de l\u2019inici de les obres, \u00e9s m\u00e9s important que mai que el govern d&#8217;Esquerra Republicana escolti al Ple de l&#8217;Ajuntament de Badalona, que ha manifestat el seu suport al projecte i ha demanat la seva posada en marxa.<\/p>\n\n\n\n<p><strong>A\u00efda Llaurad\u00f3<\/strong> ha informat que la FAVB i la seva Taula de Mobilitat i Accessibilitat compten amb el suport i acompanyament de Badalona En Com\u00fa Podem en la defensa del projecte de perllongament de l&#8217;L1 fins a Badalona Pompeu Fabra. \u00abEl perllongament de l&#8217;L1 fins a Badalona Pompeu Fabra ha d&#8217;establir noves estacions als barris de Montigal\u00e0, Lloreda, Bufal\u00e0 i fins a l&#8217;estaci\u00f3 de tren, a m\u00e9s ha d&#8217;anar acompanyat del perllongament de la T4 del Tram fins al centre de Badalona. Cal que transformem la mobilitat de la nostra ciutat i impulsar una mobilitat verda i sostenible\u00bb ha manifestat Llaurad\u00f3.<\/p>\n","protected":false},"excerpt":{"rendered":"<p>La Taula de Mobilitat i Accessibilitat de la FAVB es va reunir al Parlament amb A\u00efda Llaurad\u00f3, candidata de Badalona En Com\u00fa Podem a l&#8217;alcaldia de Badalona, amb el diputat Marc Pares, del Grup Parlamentari d&#8217;En Com\u00fa Podem, i representants del Grup Municipal de Badalona En Com\u00fa Podem com Dani Alfonso, Dani Sosa i Paula [&hellip;]<\/p>\n","protected":false},"author":2,"featured_media":4647,"comment_status":"open","ping_status":"open","sticky":false,"template":"","format":"standard","meta":{"footnotes":""},"categories":[23],"tags":[],"class_list":{"0":"post-4646","1":"post","2":"type-post","3":"status-publish","4":"format-standard","5":"has-post-thumbnail","7":"category-actualitat"},"_links":{"self":[{"href":"https:\/\/areabadalona.com\/diario\/wp-json\/wp\/v2\/posts\/4646","targetHints":{"allow":["GET"]}}],"collection":[{"href":"https:\/\/areabadalona.com\/diario\/wp-json\/wp\/v2\/posts"}],"about":[{"href":"https:\/\/areabadalona.com\/diario\/wp-json\/wp\/v2\/types\/post"}],"author":[{"embeddable":true,"href":"https:\/\/areabadalona.com\/diario\/wp-json\/wp\/v2\/users\/2"}],"replies":[{"embeddable":true,"href":"https:\/\/areabadalona.com\/diario\/wp-json\/wp\/v2\/comments?post=4646"}],"version-history":[{"count":1,"href":"https:\/\/areabadalona.com\/diario\/wp-json\/wp\/v2\/posts\/4646\/revisions"}],"predecessor-version":[{"id":4648,"href":"https:\/\/areabadalona.com\/diario\/wp-json\/wp\/v2\/posts\/4646\/revisions\/4648"}],"wp:featuredmedia":[{"embeddable":true,"href":"https:\/\/areabadalona.com\/diario\/wp-json\/wp\/v2\/media\/4647"}],"wp:attachment":[{"href":"https:\/\/areabadalona.com\/diario\/wp-json\/wp\/v2\/media?parent=4646"}],"wp:term":[{"taxonomy":"category","embeddable":true,"href":"https:\/\/areabadalona.com\/diario\/wp-json\/wp\/v2\/categories?post=4646"},{"taxonomy":"post_tag","embeddable":true,"href":"https:\/\/areabadalona.com\/diario\/wp-json\/wp\/v2\/tags?post=4646"}],"curies":[{"name":"wp","href":"https:\/\/api.w.org\/{rel}","templated":true}]}}