{"id":4643,"date":"2023-01-13T13:00:56","date_gmt":"2023-01-13T13:00:56","guid":{"rendered":"https:\/\/areabadalona.com\/diario\/?p=4643"},"modified":"2023-01-13T13:00:57","modified_gmt":"2023-01-13T13:00:57","slug":"la-guardia-urbana-de-badalona-posa-en-marxa-una-campanya-per-vigilar-lus-dels-vehicles-de-mobilitat-personal-com-els-patinets-electrics","status":"publish","type":"post","link":"https:\/\/areabadalona.com\/diario\/2023\/01\/13\/la-guardia-urbana-de-badalona-posa-en-marxa-una-campanya-per-vigilar-lus-dels-vehicles-de-mobilitat-personal-com-els-patinets-electrics\/","title":{"rendered":"La Gu\u00e0rdia Urbana de Badalona posa en marxa una campanya per vigilar l\u2019\u00fas dels vehicles de mobilitat personal, com els patinets el\u00e8ctrics\u00a0"},"content":{"rendered":"\n<p>Des d\u2019aquest divendres 13 de gener la Gu\u00e0rdia Urbana de Badalona prestar\u00e0 una especial atenci\u00f3 a la vigil\u00e0ncia de l\u2019\u00fas que es fa dels vehicles de mobilitat personal (VMP). Aquesta nova campanya de control t\u00e9 l\u2019objectiu de conscienciar els usuaris d\u2019aquest vehicles (com ara els patinets el\u00e8ctrics) que cal fer un \u00fas responsable d\u2019aquest mitj\u00e0 de transport i de les conseq\u00fc\u00e8ncies de l\u2019incompliment de la normativa establerta.&nbsp;<\/p>\n\n\n\n<p>Durant la campanya, que s\u2019allargar\u00e0 durant 10 dies, i en aplicaci\u00f3 de la normativa en mat\u00e8ria de circulaci\u00f3, es poden aplicar sancions que poden anar des dels 100 fins als 1.000 euros, depenent de la infracci\u00f3 comesa. Els conductors de vehicles de mobilitat personal estan obligats a sotmetre\u2019s a les proves per a la detecci\u00f3 de les taxes d\u2019alcohol\u00e8mia i de pres\u00e8ncia de drogues. La Gu\u00e0rdia Urbana, en el marc de les seves compet\u00e8ncies de control i vigil\u00e0ncia del tr\u00e0nsit a les vies urbanes, realitzar\u00e0 aquests controls de manera aleat\u00f2ria per tota la ciutat.&nbsp;<\/p>\n\n\n\n<p>Entre les infraccions espec\u00edfiques (i les sancions que comporten) en les quals poden inc\u00f3rrer els VMP (vehicles de mobilitat personal) segons la Llei de Tr\u00e0nsit i Seguretat Vial i el Reglament General de Circulaci\u00f3 es troben les seg\u00fcents.&nbsp;<\/p>\n\n\n\n<p>&#8211; No respectar les sem\u00e0fors (200 euros)&nbsp;<\/p>\n\n\n\n<p>&#8211; Conduir utilitzant dispositius de telefonia m\u00f2bil o sistemes de comunicaci\u00f3 que requereixin intervenci\u00f3 manual del conductor (200 euros)&nbsp;<\/p>\n\n\n\n<p>&#8211;&nbsp; Conduir utilitzant auriculars a dispositius receptors o emissors de sons (200 euros)&nbsp;<\/p>\n\n\n\n<p>&#8211; Conduir de manera negligent (200 euros) &nbsp;<\/p>\n\n\n\n<p>&#8211; Conduir de forma temer\u00e0ria (500 euros)&nbsp;<\/p>\n\n\n\n<p>&#8211; Incomplir l\u2019obligaci\u00f3 de sotmetre\u2019s a les proves d\u2019alcohol\u00e8mia o de detecci\u00f3 de drogues (1.000 euros)&nbsp;<\/p>\n\n\n\n<p>&#8211; Conduir amb pres\u00e8ncia de drogues a l\u2019organisme (1.000 euros).&nbsp;<\/p>\n\n\n\n<p>En cas de sanci\u00f3, aquesta pot reduir-se a la meitat si el pagament \u00e9s immediat.&nbsp;<\/p>\n\n\n\n<p>La campanya que s\u2019inicia avui s\u2019allargar\u00e0 durant 10 dies fins al diumenge 22 de gener i es fa en coordinaci\u00f3 amb el Servei Catal\u00e0 de Tr\u00e0nsit (SCT).&nbsp;<\/p>\n","protected":false},"excerpt":{"rendered":"<p>Des d\u2019aquest divendres 13 de gener la Gu\u00e0rdia Urbana de Badalona prestar\u00e0 una especial atenci\u00f3 a la vigil\u00e0ncia de l\u2019\u00fas que es fa dels vehicles de mobilitat personal (VMP). Aquesta nova campanya de control t\u00e9 l\u2019objectiu de conscienciar els usuaris d\u2019aquest vehicles (com ara els patinets el\u00e8ctrics) que cal fer un \u00fas responsable d\u2019aquest mitj\u00e0 [&hellip;]<\/p>\n","protected":false},"author":2,"featured_media":4644,"comment_status":"open","ping_status":"open","sticky":false,"template":"","format":"standard","meta":{"footnotes":""},"categories":[23,24],"tags":[],"class_list":{"0":"post-4643","1":"post","2":"type-post","3":"status-publish","4":"format-standard","5":"has-post-thumbnail","7":"category-actualitat","8":"category-societat"},"_links":{"self":[{"href":"https:\/\/areabadalona.com\/diario\/wp-json\/wp\/v2\/posts\/4643","targetHints":{"allow":["GET"]}}],"collection":[{"href":"https:\/\/areabadalona.com\/diario\/wp-json\/wp\/v2\/posts"}],"about":[{"href":"https:\/\/areabadalona.com\/diario\/wp-json\/wp\/v2\/types\/post"}],"author":[{"embeddable":true,"href":"https:\/\/areabadalona.com\/diario\/wp-json\/wp\/v2\/users\/2"}],"replies":[{"embeddable":true,"href":"https:\/\/areabadalona.com\/diario\/wp-json\/wp\/v2\/comments?post=4643"}],"version-history":[{"count":1,"href":"https:\/\/areabadalona.com\/diario\/wp-json\/wp\/v2\/posts\/4643\/revisions"}],"predecessor-version":[{"id":4645,"href":"https:\/\/areabadalona.com\/diario\/wp-json\/wp\/v2\/posts\/4643\/revisions\/4645"}],"wp:featuredmedia":[{"embeddable":true,"href":"https:\/\/areabadalona.com\/diario\/wp-json\/wp\/v2\/media\/4644"}],"wp:attachment":[{"href":"https:\/\/areabadalona.com\/diario\/wp-json\/wp\/v2\/media?parent=4643"}],"wp:term":[{"taxonomy":"category","embeddable":true,"href":"https:\/\/areabadalona.com\/diario\/wp-json\/wp\/v2\/categories?post=4643"},{"taxonomy":"post_tag","embeddable":true,"href":"https:\/\/areabadalona.com\/diario\/wp-json\/wp\/v2\/tags?post=4643"}],"curies":[{"name":"wp","href":"https:\/\/api.w.org\/{rel}","templated":true}]}}