{"id":4640,"date":"2023-01-13T12:58:39","date_gmt":"2023-01-13T12:58:39","guid":{"rendered":"https:\/\/areabadalona.com\/diario\/?p=4640"},"modified":"2023-01-13T12:58:40","modified_gmt":"2023-01-13T12:58:40","slug":"la-campanya-a-badalona-som-bons-injecta-mes-de-520-000-euros-al-comerc-local","status":"publish","type":"post","link":"https:\/\/areabadalona.com\/diario\/2023\/01\/13\/la-campanya-a-badalona-som-bons-injecta-mes-de-520-000-euros-al-comerc-local\/","title":{"rendered":"La campanya \u201cA Badalona som Bons!\u201d injecta m\u00e9s de 520.000 euros al comer\u00e7 local\u00a0"},"content":{"rendered":"\n<p>La iniciativa comercial \u201cA Badalona som bons!\u201d ha perm\u00e8s injectar al comer\u00e7 local m\u00e9s de 520.000 euros gr\u00e0cies a la suma de l\u2019impacte de totes les compres vinculades a l\u2019acci\u00f3. Durant el mes en qu\u00e8 la campanya ha estat en funcionament, s\u2019han distribu\u00eft m\u00e9s de 35.000 bons de consum, els quals permetien fer compres per valor de deu euros pagant-ne nom\u00e9s sis. Aquest fet ha suposat un estalvi directe de m\u00e9s de 140.000 euros per a la ciutadania, que podia adquirir un m\u00e0xim de 10 bons per persona. &nbsp;<\/p>\n\n\n\n<p>El balan\u00e7 de la campanya indica que per cada euro que l\u2019Ajuntament ha destinat a la campanya, els comer\u00e7os locals han ingressat 3,47 euros, fet que situa l\u2019efecte multiplicatiu de la iniciativa en 3,4. Les xifres indiquen que gran part de la injecci\u00f3 econ\u00f2mica se l\u2019han endut les botigues especialitzades, amb un impacte econ\u00f2mic de m\u00e9s de 215.000 euros, on l\u2019atracci\u00f3 de les botigues de joguines i les perfumeries ha estat molt destacable. Els establiments de moda tamb\u00e9 han assolit un impacte remarcable amb m\u00e9s de 125.000 euros, seguit dels d\u2019alimentaci\u00f3 amb prop de 100.000 euros generats. &nbsp;<\/p>\n\n\n\n<p>Concretament, la gran majoria de bons s\u2019han bescanviat en botigues especialitzades (42,8%), seguit dels establiments t\u00e8xtils (25,8%) i d\u2019alimentaci\u00f3 (18,8%). Les botigues especialitzades que m\u00e9s inter\u00e8s han generat han estat les botigues de joguines, les perfumeries i les ferreteries, les quals han validat m\u00e9s de 12.100 bons. &nbsp;<\/p>\n\n\n\n<p>La iniciativa \u201cA Badalona som Bons!\u201d ha estat liderada per l\u2019Ajuntament de Badalona amb la col\u00b7laboraci\u00f3 de la Cambra del Barcelon\u00e8s Nord, de la Federaci\u00f3 de Comerciants Badalona Comer\u00e7, de Badalona Restauraci\u00f3 i dels Mercats Municipals de la ciutat. La campanya, que va comen\u00e7ar el passat 28 de novembre, ha perm\u00e8s complir el triple objectiu que tenia: impulsar el comer\u00e7 de proximitat, contribuir a la promoci\u00f3 dels negocis locals i ajudar els ciutadans a fer front a la inflaci\u00f3 de preus en la seva cistella de la compra.&nbsp;<\/p>\n\n\n\n<p>La valoraci\u00f3 de la campanya s\u2019ha fet p\u00fablica aquest dijous al mat\u00ed en un acte celebrat a la sala de premsa de l\u2019edifici El Viver en el qual han participat el tercer tinent d\u2019alcaldia i regidor de l\u2019\u00c0mbit de Protecci\u00f3 Social a les Persones i Impuls Comercial, David Torrents; el president de la Cambra del Barcelon\u00e8s Nord, Pere Alemany; i el president de Badacentre i la Federaci\u00f3 de Comerciants de Badalona, Cinto Gubern. &nbsp;<\/p>\n\n\n\n<p>Durant l\u2019acte, el regidor David Torrents s\u2019ha mostrat molt satisfet \u201cpel desenvolupament de la campanya, que ens ha perm\u00e8s dinamitzar el petit comer\u00e7 de la ciutat i a la vegada donar un cop de m\u00e0 a la ciutadania a l\u2019hora de fer les habituals compres de Nadal\u201d. Torrents ha assegurat que \u201cl\u2019experi\u00e8ncia ha estat molt positiva, per aix\u00f2 des del Govern municipal ja estem treballant per impulsar una nova campanya durant la primavera que inclogui m\u00e9s bons de desc\u00e0rrega i m\u00e9s comer\u00e7os de la ciutat adherits\u201d. &nbsp;<\/p>\n","protected":false},"excerpt":{"rendered":"<p>La iniciativa comercial \u201cA Badalona som bons!\u201d ha perm\u00e8s injectar al comer\u00e7 local m\u00e9s de 520.000 euros gr\u00e0cies a la suma de l\u2019impacte de totes les compres vinculades a l\u2019acci\u00f3. Durant el mes en qu\u00e8 la campanya ha estat en funcionament, s\u2019han distribu\u00eft m\u00e9s de 35.000 bons de consum, els quals permetien fer compres per [&hellip;]<\/p>\n","protected":false},"author":2,"featured_media":4641,"comment_status":"open","ping_status":"open","sticky":false,"template":"","format":"standard","meta":{"footnotes":""},"categories":[23],"tags":[],"class_list":{"0":"post-4640","1":"post","2":"type-post","3":"status-publish","4":"format-standard","5":"has-post-thumbnail","7":"category-actualitat"},"_links":{"self":[{"href":"https:\/\/areabadalona.com\/diario\/wp-json\/wp\/v2\/posts\/4640","targetHints":{"allow":["GET"]}}],"collection":[{"href":"https:\/\/areabadalona.com\/diario\/wp-json\/wp\/v2\/posts"}],"about":[{"href":"https:\/\/areabadalona.com\/diario\/wp-json\/wp\/v2\/types\/post"}],"author":[{"embeddable":true,"href":"https:\/\/areabadalona.com\/diario\/wp-json\/wp\/v2\/users\/2"}],"replies":[{"embeddable":true,"href":"https:\/\/areabadalona.com\/diario\/wp-json\/wp\/v2\/comments?post=4640"}],"version-history":[{"count":1,"href":"https:\/\/areabadalona.com\/diario\/wp-json\/wp\/v2\/posts\/4640\/revisions"}],"predecessor-version":[{"id":4642,"href":"https:\/\/areabadalona.com\/diario\/wp-json\/wp\/v2\/posts\/4640\/revisions\/4642"}],"wp:featuredmedia":[{"embeddable":true,"href":"https:\/\/areabadalona.com\/diario\/wp-json\/wp\/v2\/media\/4641"}],"wp:attachment":[{"href":"https:\/\/areabadalona.com\/diario\/wp-json\/wp\/v2\/media?parent=4640"}],"wp:term":[{"taxonomy":"category","embeddable":true,"href":"https:\/\/areabadalona.com\/diario\/wp-json\/wp\/v2\/categories?post=4640"},{"taxonomy":"post_tag","embeddable":true,"href":"https:\/\/areabadalona.com\/diario\/wp-json\/wp\/v2\/tags?post=4640"}],"curies":[{"name":"wp","href":"https:\/\/api.w.org\/{rel}","templated":true}]}}