{"id":4635,"date":"2023-01-12T11:02:45","date_gmt":"2023-01-12T11:02:45","guid":{"rendered":"https:\/\/areabadalona.com\/diario\/?p=4635"},"modified":"2023-01-12T11:02:46","modified_gmt":"2023-01-12T11:02:46","slug":"escollit-el-cartell-per-al-carnaval-de-badalona-2023","status":"publish","type":"post","link":"https:\/\/areabadalona.com\/diario\/2023\/01\/12\/escollit-el-cartell-per-al-carnaval-de-badalona-2023\/","title":{"rendered":"Escollit el cartell per al Carnaval de Badalona 2023"},"content":{"rendered":"\n<p>Nil Borrell, estudiant de segon curs d\u2019Arts pl\u00e0stiques i disseny en assist\u00e8ncia al producte gr\u00e0fic impr\u00e8s a l\u2019Escola d\u2019Art Pau Gargallo, \u00e9s l\u2019autor del cartell per al Carnaval de Badalona 2023. El cartell ha estat escollit entre els 43 dissenys presentats per un jurat format per un representant de la Comissi\u00f3 de Carnestoltes de Bufal\u00e0; Miquel Aregay i \u00c0gata Gil, professors dels Cicles Formatius de Grau Superior i Estudis Superiors de Disseny Gr\u00e0fic que s&#8217;imparteixen a l&#8217;escola; la il\u00b7lustradora i autora de c\u00f2mics Genie Espinosa; i t\u00e8cnics dels serveis de Cultura i de Comunicaci\u00f3 de l\u2019Ajuntament de Badalona.&nbsp;<\/p>\n\n\n\n<p>El mateix jurat ha seleccionat com a finalista l\u2019obra de Clara Campamar, estudiant de primer curs d\u2019Arts pl\u00e0stiques i disseny en il\u00b7lustraci\u00f3.&nbsp;<\/p>\n\n\n\n<p>Del 13 al 22 de febrer una exposici\u00f3 temporal al centre c\u00edvic Torre Mena permetr\u00e0 gaudir dels diferents dissenys presentats pels alumnes en aquesta edici\u00f3.&nbsp;<\/p>\n\n\n\n<p>El cartell de Nil Borrell il\u00b7lustrar\u00e0 les activitats que s\u2019inclouran en el Carnaval de Badalona 2023 que tindran lloc durant el cap de setmana del 18 i 19 febrer, com ara la 41a Rua de Carnestoltes a Llefi\u00e0 i el Carnaval Infantil a Bufal\u00e0.&nbsp;<\/p>\n","protected":false},"excerpt":{"rendered":"<p>Nil Borrell, estudiant de segon curs d\u2019Arts pl\u00e0stiques i disseny en assist\u00e8ncia al producte gr\u00e0fic impr\u00e8s a l\u2019Escola d\u2019Art Pau Gargallo, \u00e9s l\u2019autor del cartell per al Carnaval de Badalona 2023. El cartell ha estat escollit entre els 43 dissenys presentats per un jurat format per un representant de la Comissi\u00f3 de Carnestoltes de Bufal\u00e0; [&hellip;]<\/p>\n","protected":false},"author":2,"featured_media":4636,"comment_status":"open","ping_status":"open","sticky":false,"template":"","format":"standard","meta":{"footnotes":""},"categories":[23,25],"tags":[],"class_list":{"0":"post-4635","1":"post","2":"type-post","3":"status-publish","4":"format-standard","5":"has-post-thumbnail","7":"category-actualitat","8":"category-cultura"},"_links":{"self":[{"href":"https:\/\/areabadalona.com\/diario\/wp-json\/wp\/v2\/posts\/4635","targetHints":{"allow":["GET"]}}],"collection":[{"href":"https:\/\/areabadalona.com\/diario\/wp-json\/wp\/v2\/posts"}],"about":[{"href":"https:\/\/areabadalona.com\/diario\/wp-json\/wp\/v2\/types\/post"}],"author":[{"embeddable":true,"href":"https:\/\/areabadalona.com\/diario\/wp-json\/wp\/v2\/users\/2"}],"replies":[{"embeddable":true,"href":"https:\/\/areabadalona.com\/diario\/wp-json\/wp\/v2\/comments?post=4635"}],"version-history":[{"count":1,"href":"https:\/\/areabadalona.com\/diario\/wp-json\/wp\/v2\/posts\/4635\/revisions"}],"predecessor-version":[{"id":4637,"href":"https:\/\/areabadalona.com\/diario\/wp-json\/wp\/v2\/posts\/4635\/revisions\/4637"}],"wp:featuredmedia":[{"embeddable":true,"href":"https:\/\/areabadalona.com\/diario\/wp-json\/wp\/v2\/media\/4636"}],"wp:attachment":[{"href":"https:\/\/areabadalona.com\/diario\/wp-json\/wp\/v2\/media?parent=4635"}],"wp:term":[{"taxonomy":"category","embeddable":true,"href":"https:\/\/areabadalona.com\/diario\/wp-json\/wp\/v2\/categories?post=4635"},{"taxonomy":"post_tag","embeddable":true,"href":"https:\/\/areabadalona.com\/diario\/wp-json\/wp\/v2\/tags?post=4635"}],"curies":[{"name":"wp","href":"https:\/\/api.w.org\/{rel}","templated":true}]}}