{"id":4617,"date":"2023-01-09T10:37:33","date_gmt":"2023-01-09T10:37:33","guid":{"rendered":"https:\/\/areabadalona.com\/diario\/?p=4617"},"modified":"2023-01-10T10:37:47","modified_gmt":"2023-01-10T10:37:47","slug":"24-aspirants-inicien-avui-el-curs-a-lescola-de-policia-de-catalunya-per-formar-part-de-la-guardia-urbana-de-badalona","status":"publish","type":"post","link":"https:\/\/areabadalona.com\/diario\/2023\/01\/09\/24-aspirants-inicien-avui-el-curs-a-lescola-de-policia-de-catalunya-per-formar-part-de-la-guardia-urbana-de-badalona\/","title":{"rendered":"24 aspirants inicien avui el curs a l\u2019Escola de Policia de Catalunya per formar part de la Gu\u00e0rdia Urbana de Badalona\u00a0"},"content":{"rendered":"\n<p>Aquest dilluns han comen\u00e7at el curs a l\u2019Escola de Policia de Catalunya 24 aspirants que s\u2019incorporaran al cos de la Gu\u00e0rdia Urbana de Badalona. Les persones candidates es formaran durant els pr\u00f2xims mesos despr\u00e9s d\u2019haver superat les proves dels dos processos de selecci\u00f3, d&#8217;11 i 21 places respectivament, que estaven en marxa. Els aspirants a agent s\u2019instruiran durant 1.100 hores a l\u2019escola de l\u2019Institut de Seguretat P\u00fablica de Catalunya situat a Mollet del Vall\u00e8s, posteriorment faran un per\u00edode de pr\u00e0ctiques i, finalment, s\u2019incorporaran al cos policial municipal.&nbsp;<\/p>\n\n\n\n<p>El curs de formaci\u00f3 b\u00e0sica per a policies capacita als aspirants per exercir les funcions b\u00e0siques d&#8217;un servei policial, ent\u00e8s com a servei p\u00fablic, d&#8217;acord amb un concepte ampli de seguretat i refor\u00e7ant la transmissi\u00f3 de valors.&nbsp;<\/p>\n\n\n\n<p>El sis\u00e8 tinent d\u2019Alcaldia i regidor de l\u2019\u00c0mbit de Govern i Seguretat Ciutadana, Christian Carneado, ha explicat que \u201cla incorporaci\u00f3 d\u2019aquests aspirants a l\u2019Institut de Seguretat P\u00fablica de Catalunya i la seva posterior integraci\u00f3 al cos de la Gu\u00e0rdia Urbana de Badalona ens permet continuar millorant i ampliant la policia municipal i apropar-nos a un nou model policial amb m\u00e9s recursos tant f\u00edsics com materials\u201d. Carneado ha recordat que \u201caquest darrer any ja hem incorporat 20 agents i ara portem a l\u2019escola de policia 24 m\u00e9s, recuperant aix\u00ed tota una promoci\u00f3 de places que es van perdre l\u2019any 2021 per la gesti\u00f3 de l\u2019anterior govern, i que va propiciar que Badalona fos l\u2019\u00fanica ciutat catalana que no va enviar agents a l\u2019ISPC\u201d. \u201cDes del Govern municipal volem continuar ampliant el cos a la vegada que dotem de millors condicions i recursos als agents que ja formen part de la Gu\u00e0rdia Urbana\u201d, ha afegit el regidor.&nbsp;<\/p>\n","protected":false},"excerpt":{"rendered":"<p>Aquest dilluns han comen\u00e7at el curs a l\u2019Escola de Policia de Catalunya 24 aspirants que s\u2019incorporaran al cos de la Gu\u00e0rdia Urbana de Badalona. Les persones candidates es formaran durant els pr\u00f2xims mesos despr\u00e9s d\u2019haver superat les proves dels dos processos de selecci\u00f3, d&#8217;11 i 21 places respectivament, que estaven en marxa. Els aspirants a [&hellip;]<\/p>\n","protected":false},"author":2,"featured_media":3466,"comment_status":"open","ping_status":"open","sticky":false,"template":"","format":"standard","meta":{"footnotes":""},"categories":[23],"tags":[],"class_list":{"0":"post-4617","1":"post","2":"type-post","3":"status-publish","4":"format-standard","5":"has-post-thumbnail","7":"category-actualitat"},"_links":{"self":[{"href":"https:\/\/areabadalona.com\/diario\/wp-json\/wp\/v2\/posts\/4617","targetHints":{"allow":["GET"]}}],"collection":[{"href":"https:\/\/areabadalona.com\/diario\/wp-json\/wp\/v2\/posts"}],"about":[{"href":"https:\/\/areabadalona.com\/diario\/wp-json\/wp\/v2\/types\/post"}],"author":[{"embeddable":true,"href":"https:\/\/areabadalona.com\/diario\/wp-json\/wp\/v2\/users\/2"}],"replies":[{"embeddable":true,"href":"https:\/\/areabadalona.com\/diario\/wp-json\/wp\/v2\/comments?post=4617"}],"version-history":[{"count":1,"href":"https:\/\/areabadalona.com\/diario\/wp-json\/wp\/v2\/posts\/4617\/revisions"}],"predecessor-version":[{"id":4618,"href":"https:\/\/areabadalona.com\/diario\/wp-json\/wp\/v2\/posts\/4617\/revisions\/4618"}],"wp:featuredmedia":[{"embeddable":true,"href":"https:\/\/areabadalona.com\/diario\/wp-json\/wp\/v2\/media\/3466"}],"wp:attachment":[{"href":"https:\/\/areabadalona.com\/diario\/wp-json\/wp\/v2\/media?parent=4617"}],"wp:term":[{"taxonomy":"category","embeddable":true,"href":"https:\/\/areabadalona.com\/diario\/wp-json\/wp\/v2\/categories?post=4617"},{"taxonomy":"post_tag","embeddable":true,"href":"https:\/\/areabadalona.com\/diario\/wp-json\/wp\/v2\/tags?post=4617"}],"curies":[{"name":"wp","href":"https:\/\/api.w.org\/{rel}","templated":true}]}}