{"id":4605,"date":"2023-01-04T10:30:00","date_gmt":"2023-01-04T10:30:00","guid":{"rendered":"https:\/\/areabadalona.com\/diario\/?p=4605"},"modified":"2023-01-04T10:30:00","modified_gmt":"2023-01-04T10:30:00","slug":"la-cavalcada-de-reis-torna-a-badalona-amb-una-tematica-basada-en-la-imaginacio-i-lesperit-juganer-de-les-persones","status":"publish","type":"post","link":"https:\/\/areabadalona.com\/diario\/2023\/01\/04\/la-cavalcada-de-reis-torna-a-badalona-amb-una-tematica-basada-en-la-imaginacio-i-lesperit-juganer-de-les-persones\/","title":{"rendered":"La Cavalcada de Reis torna a Badalona amb una tem\u00e0tica basada en la imaginaci\u00f3 i l\u2019esperit juganer de les persones\u00a0"},"content":{"rendered":"\n<p>La Cavalcada de Reis de Badalona torna a celebrar-se aquest dijous 5 de gener amb una escenografia que proposa una oda a la creaci\u00f3, la imaginaci\u00f3 i l\u2019esperit juganer de les persones. En l\u2019espectacle itinerant d\u2019enguany les tres carrosses Ses Majestats estaran engalanades amb motius relacionats amb els jocs, les joguines i les aventures que es persegueixen des de la infantesa i ens acompanyen durant tota la vida. Durant la cavalcada tamb\u00e9 es podr\u00e0 gaudir, entre altres comparses, de l\u2019Estel que il\u00b7lumina el cam\u00ed dels Reis, els entremaliats carters reials, la carrossa Carbonera, i les desitjades carrosses dolces. &nbsp;<\/p>\n\n\n\n<p>Tota la comitiva estar\u00e0 dinamitzada pels Turnemis, els ajudants dels Reis que faran riure a tots els assistents amb el seu enginy i les seves bromes. A la Cavalcada tamb\u00e9 participen art\u00edsticament entitats badalonines del m\u00f3n de la dansa, el teatre i l\u2019esport, fent aix\u00ed que l\u2019esdeveniment impliqui a tot el teixit social de la ciutat i esdevingui un acte inclusiu i que fomenti la cohesi\u00f3.&nbsp; &nbsp;<\/p>\n\n\n\n<p><strong>Recorregut de la Cavalcada&nbsp;<\/strong><\/p>\n\n\n\n<p>La Cavalcada d\u2019enguany s\u2019iniciar\u00e0 aquest dijous 5 de gener a les 16.30 hores amb la rebuda de Ses Majestats al port, on l\u2019alcalde els lliurar\u00e0 el pa, la sal i la clau per a qu\u00e8 puguin entrar a totes les llars de la ciutat. Des d\u2019all\u00e0 es traslladaran a les seves carrosses i comen\u00e7aran a rec\u00f3rrer la ciutat a les 18 hores des de l\u2019avinguda de Pius XII, a la cantonada del carrer de Ramiro de Maetzu. Despr\u00e9s continuar\u00e0 per l\u2019avinguda del Marqu\u00e8s de Sant Mori fins a girar per baixar pel carrer de Juan Valera. A les 18.45 hores, la comitiva arribar\u00e0 al Gorg i recorrer\u00e0 el carrer d\u2019Alfons XII, posteriorment el carrer de Francesc Maci\u00e0, el carrer de la Creu i el carrer de Francesc Layret, fins a arribar a la pla\u00e7a de la Vila a les 20 hores. En aquest punt la Cavalcada canvia el seu recorregut respecte a altres anys i continuar\u00e0 fins al carrer de Sant Bru, on es posar\u00e0 punt final a la celebraci\u00f3 al voltant de les 20.45 hores.&nbsp;<\/p>\n\n\n\n<p>Tot el recorregut de la Cavalcada es podr\u00e0 seguir en directe per Televisi\u00f3 de Badalona. &nbsp;<\/p>\n\n\n\n<p><strong>Nadal inclusiu i amb espais amigables&nbsp;<\/strong><\/p>\n\n\n\n<p>L\u2019Ajuntament de Badalona aposta per l\u2019organitzaci\u00f3 d\u2019uns actes de Nadal inclusius, que permetin gaudir a la ciutadania, i de manera espec\u00edfica als infants, en igualtat de condicions i sense discriminacions. Per aquest motiu, durant la Cavalcada de Reis, s\u2019ha reservat un espai amigable amb reducci\u00f3 d\u2019est\u00edmuls de so i llum, i sense aglomeracions ni sense llan\u00e7ament de caramels en el tram del carrer Sant Bru compr\u00e8s entre el carrer de Mart\u00ed i Juli\u00e0 i la Riera de Canyad\u00f3. Tamb\u00e9 s\u2019ha reservat una zona per a persones amb diversitat funcional, discapacitat intel\u00b7lectual i\/o trastorn mental a la pla\u00e7a Josep Cortinas. Aix\u00ed mateix, durant la rebuda als Reis al port hi haur\u00e0 un espai d\u2019aquestes mateixes caracter\u00edstiques al costat de l\u2019escenari i tamb\u00e9 un int\u00e8rpret de llengua de signes. &nbsp;<\/p>\n\n\n\n<p>Recordem que en el <a href=\"http:\/\/badalona.cat\/portalWeb\/getfile?dID=126037&amp;rendition=web\">web municipal<\/a> es pot consultar el pl\u00e0nol de la ciutat amb les \u00e0rees on hi ha reserves d\u2019aparcament per a persones amb mobilitat redu\u00efda (PMR).&nbsp;<\/p>\n\n\n\n<p>La regidora de Cultura i Mobilitat, Anna Maria Lara, ha animat la ciutadania \u201ca participar de la Cavalcada de Reis i gaudir de la m\u00e0gia i diversi\u00f3 que ens ofereixen els nostres amics els Turnemis\u201d. La regidora ha destacat que \u201cenguany avancem perqu\u00e8 la celebraci\u00f3 sigui inclusiva i tothom tingui el seu espai per sentir-se c\u00f2mode\u201d i ha recordat que \u201ctindrem una cavalcada sense restriccions amb les esperades carrosses dolces repartint els caramels dels Reis d&#8217;Orient\u00bb&nbsp;<\/p>\n","protected":false},"excerpt":{"rendered":"<p>La Cavalcada de Reis de Badalona torna a celebrar-se aquest dijous 5 de gener amb una escenografia que proposa una oda a la creaci\u00f3, la imaginaci\u00f3 i l\u2019esperit juganer de les persones. En l\u2019espectacle itinerant d\u2019enguany les tres carrosses Ses Majestats estaran engalanades amb motius relacionats amb els jocs, les joguines i les aventures que [&hellip;]<\/p>\n","protected":false},"author":2,"featured_media":4606,"comment_status":"open","ping_status":"open","sticky":false,"template":"","format":"standard","meta":{"footnotes":""},"categories":[23,25],"tags":[],"class_list":{"0":"post-4605","1":"post","2":"type-post","3":"status-publish","4":"format-standard","5":"has-post-thumbnail","7":"category-actualitat","8":"category-cultura"},"_links":{"self":[{"href":"https:\/\/areabadalona.com\/diario\/wp-json\/wp\/v2\/posts\/4605","targetHints":{"allow":["GET"]}}],"collection":[{"href":"https:\/\/areabadalona.com\/diario\/wp-json\/wp\/v2\/posts"}],"about":[{"href":"https:\/\/areabadalona.com\/diario\/wp-json\/wp\/v2\/types\/post"}],"author":[{"embeddable":true,"href":"https:\/\/areabadalona.com\/diario\/wp-json\/wp\/v2\/users\/2"}],"replies":[{"embeddable":true,"href":"https:\/\/areabadalona.com\/diario\/wp-json\/wp\/v2\/comments?post=4605"}],"version-history":[{"count":1,"href":"https:\/\/areabadalona.com\/diario\/wp-json\/wp\/v2\/posts\/4605\/revisions"}],"predecessor-version":[{"id":4607,"href":"https:\/\/areabadalona.com\/diario\/wp-json\/wp\/v2\/posts\/4605\/revisions\/4607"}],"wp:featuredmedia":[{"embeddable":true,"href":"https:\/\/areabadalona.com\/diario\/wp-json\/wp\/v2\/media\/4606"}],"wp:attachment":[{"href":"https:\/\/areabadalona.com\/diario\/wp-json\/wp\/v2\/media?parent=4605"}],"wp:term":[{"taxonomy":"category","embeddable":true,"href":"https:\/\/areabadalona.com\/diario\/wp-json\/wp\/v2\/categories?post=4605"},{"taxonomy":"post_tag","embeddable":true,"href":"https:\/\/areabadalona.com\/diario\/wp-json\/wp\/v2\/tags?post=4605"}],"curies":[{"name":"wp","href":"https:\/\/api.w.org\/{rel}","templated":true}]}}