{"id":4602,"date":"2023-01-02T12:39:14","date_gmt":"2023-01-02T12:39:14","guid":{"rendered":"https:\/\/areabadalona.com\/diario\/?p=4602"},"modified":"2023-01-02T12:39:15","modified_gmt":"2023-01-02T12:39:15","slug":"iniciat-el-proces-de-licitacio-de-les-obres-de-construccio-del-viaducte-ferroviari-del-canal-del-gorg-de-badalona","status":"publish","type":"post","link":"https:\/\/areabadalona.com\/diario\/2023\/01\/02\/iniciat-el-proces-de-licitacio-de-les-obres-de-construccio-del-viaducte-ferroviari-del-canal-del-gorg-de-badalona\/","title":{"rendered":"Iniciat el proc\u00e9s de licitaci\u00f3 de les obres de construcci\u00f3 del viaducte ferroviari del canal del Gorg de Badalona\u00a0"},"content":{"rendered":"\n<p>Marina de Badalona ha posat en marxa els tr\u00e0mits per a licitar les obres de construcci\u00f3 del viaducte del ferrocarril que passar\u00e0 per sobre del canal del Gorg de Badalona. El pr\u00f2xim 4 de febrer es coneixeran les ofertes que es presenten i el 30 de mar\u00e7 el consell d\u2019administraci\u00f3 de la societat mercantil aprovar\u00e0 l\u2019adjudicatari. D\u2019aquesta manera, a finals d\u2019abril ja es podr\u00e0 signar el contracte amb l\u2019empresa adjudicat\u00e0ria i es fixar\u00e0 el dia d\u2019inici de les obres. El projecte suposar\u00e0 una inversi\u00f3 p\u00fablica de m\u00e9s de 12 milions d\u2019euros, dels quals 8,5 s\u00f3n a c\u00e0rrec de Marina Badalona i 3,8 a c\u00e0rrec de l\u2019Ajuntament, els quals ja estan recollits en el pressupost ordinari aprovat durant l\u2019any 2022. &nbsp;<\/p>\n\n\n\n<p>La construcci\u00f3 del viaducte \u00e9s un element imprescindible per enllestir definitivament la construcci\u00f3 del nou canal del Gorg i unir el litoral badalon\u00ed i la resta de la ciutat, creant aix\u00ed una nova centralitat urbana. Actualment, abans d\u2019arribar a la fase final del projecte, s\u2019estan executant les obres per fer els primers 250 metres del canal, que van iniciar-se el passat mes de juny i que estaran enllestides durant la primavera de 2023. Els treballs inclouen l\u2019adequaci\u00f3 de l\u2019espai per al desviament provisional de les vies del ferrocarril, tal com demana Adif, una actuaci\u00f3 que \u00e9s imprescindible per no interrompre el servei del ferrocarril mentre es construeix el viaducte definitiu, que podria entrar en servei l\u2019estiu de 2024.&nbsp;<\/p>\n\n\n\n<p>L\u2019alcalde de Badalona, Rub\u00e9n Guijarro, ha destacat \u201cla nostra satisfacci\u00f3 per assolir una fita que fa 20 anys que la ciutat esperava i que per fi, despr\u00e9s de la signatura del conveni amb Adif, hem aconseguit fer realitat\u201d. Guijarro ha explicat que \u201cera imprescindible publicar la licitaci\u00f3 de l\u2019assist\u00e8ncia t\u00e8cnica per a l\u2019aixecament de la via per poder executar l\u2019actuaci\u00f3 i finalitzar la construcci\u00f3 del canal del Gorg, un projecte emblem\u00e0tic que feia dues d\u00e8cades que estava encallat i que permetr\u00e0 a Badalona ser una ciutat m\u00e9s cohesionada i amb un disseny urb\u00e0 m\u00e9s atractiu per als ve\u00efns i les persones que ens visiten\u201d. &nbsp;<\/p>\n","protected":false},"excerpt":{"rendered":"<p>Marina de Badalona ha posat en marxa els tr\u00e0mits per a licitar les obres de construcci\u00f3 del viaducte del ferrocarril que passar\u00e0 per sobre del canal del Gorg de Badalona. El pr\u00f2xim 4 de febrer es coneixeran les ofertes que es presenten i el 30 de mar\u00e7 el consell d\u2019administraci\u00f3 de la societat mercantil aprovar\u00e0 [&hellip;]<\/p>\n","protected":false},"author":2,"featured_media":4603,"comment_status":"open","ping_status":"open","sticky":false,"template":"","format":"standard","meta":{"footnotes":""},"categories":[23],"tags":[],"class_list":{"0":"post-4602","1":"post","2":"type-post","3":"status-publish","4":"format-standard","5":"has-post-thumbnail","7":"category-actualitat"},"_links":{"self":[{"href":"https:\/\/areabadalona.com\/diario\/wp-json\/wp\/v2\/posts\/4602","targetHints":{"allow":["GET"]}}],"collection":[{"href":"https:\/\/areabadalona.com\/diario\/wp-json\/wp\/v2\/posts"}],"about":[{"href":"https:\/\/areabadalona.com\/diario\/wp-json\/wp\/v2\/types\/post"}],"author":[{"embeddable":true,"href":"https:\/\/areabadalona.com\/diario\/wp-json\/wp\/v2\/users\/2"}],"replies":[{"embeddable":true,"href":"https:\/\/areabadalona.com\/diario\/wp-json\/wp\/v2\/comments?post=4602"}],"version-history":[{"count":1,"href":"https:\/\/areabadalona.com\/diario\/wp-json\/wp\/v2\/posts\/4602\/revisions"}],"predecessor-version":[{"id":4604,"href":"https:\/\/areabadalona.com\/diario\/wp-json\/wp\/v2\/posts\/4602\/revisions\/4604"}],"wp:featuredmedia":[{"embeddable":true,"href":"https:\/\/areabadalona.com\/diario\/wp-json\/wp\/v2\/media\/4603"}],"wp:attachment":[{"href":"https:\/\/areabadalona.com\/diario\/wp-json\/wp\/v2\/media?parent=4602"}],"wp:term":[{"taxonomy":"category","embeddable":true,"href":"https:\/\/areabadalona.com\/diario\/wp-json\/wp\/v2\/categories?post=4602"},{"taxonomy":"post_tag","embeddable":true,"href":"https:\/\/areabadalona.com\/diario\/wp-json\/wp\/v2\/tags?post=4602"}],"curies":[{"name":"wp","href":"https:\/\/api.w.org\/{rel}","templated":true}]}}