{"id":4596,"date":"2022-12-29T09:34:06","date_gmt":"2022-12-29T09:34:06","guid":{"rendered":"https:\/\/areabadalona.com\/diario\/?p=4596"},"modified":"2022-12-29T09:34:06","modified_gmt":"2022-12-29T09:34:06","slug":"badalona-obre-una-ludoteca-infantil-per-facilitar-les-compres-als-comercos-de-la-ciutat","status":"publish","type":"post","link":"https:\/\/areabadalona.com\/diario\/2022\/12\/29\/badalona-obre-una-ludoteca-infantil-per-facilitar-les-compres-als-comercos-de-la-ciutat\/","title":{"rendered":"Badalona obre una ludoteca infantil per facilitar les compres als comer\u00e7os de la ciutat\u00a0"},"content":{"rendered":"\n<p>El Departament de Comer\u00e7 de l\u2019Ajuntament de Badalona ofereix fins al pr\u00f2xim dimecres, 4 de gener de 2023, una ludoteca infantil per facilitar les compres que es puguin fer durant aquestes dates. &nbsp;<\/p>\n\n\n\n<p>L\u2019espai est\u00e0 ubicat a l\u2019interior del Teatre Zorrilla i t\u00e9 l\u2019entrada pel carrer de Mar. El servei, que \u00e9s gratu\u00eft est\u00e0 pensat per a infants de 3 a 10 anys i estar\u00e0 obert dimecres, dia 28, i divendres, dia 30, d\u2019aquest mes de desembre, i els dies 2, 3 i 4 de gener de 2023 de 10.30 a 14 hores i de 16.30 a 20 hores.&nbsp;<\/p>\n\n\n\n<p>Segons el tercer tinent d\u2019Alcaldia i regidor de l\u2019\u00c0mbit de Protecci\u00f3 Social a les Persones i Impuls Comercial de l\u2019Ajuntament de Badalona, David Torrents, \u201cl\u2019objectiu d\u2019aquest servei \u00e9s que durant aquestes festes nadalenques les persones puguin realitzar les seves compres amb m\u00e9s tranquil\u00b7litat mentre la mainada passi una bona estona jugant en un espai controlat i, a la vegada, beneficiar al comer\u00e7 de la ciutat\u201d.&nbsp;<\/p>\n","protected":false},"excerpt":{"rendered":"<p>El Departament de Comer\u00e7 de l\u2019Ajuntament de Badalona ofereix fins al pr\u00f2xim dimecres, 4 de gener de 2023, una ludoteca infantil per facilitar les compres que es puguin fer durant aquestes dates. &nbsp; L\u2019espai est\u00e0 ubicat a l\u2019interior del Teatre Zorrilla i t\u00e9 l\u2019entrada pel carrer de Mar. El servei, que \u00e9s gratu\u00eft est\u00e0 pensat [&hellip;]<\/p>\n","protected":false},"author":2,"featured_media":4597,"comment_status":"open","ping_status":"open","sticky":false,"template":"","format":"standard","meta":{"footnotes":""},"categories":[23],"tags":[],"class_list":{"0":"post-4596","1":"post","2":"type-post","3":"status-publish","4":"format-standard","5":"has-post-thumbnail","7":"category-actualitat"},"_links":{"self":[{"href":"https:\/\/areabadalona.com\/diario\/wp-json\/wp\/v2\/posts\/4596","targetHints":{"allow":["GET"]}}],"collection":[{"href":"https:\/\/areabadalona.com\/diario\/wp-json\/wp\/v2\/posts"}],"about":[{"href":"https:\/\/areabadalona.com\/diario\/wp-json\/wp\/v2\/types\/post"}],"author":[{"embeddable":true,"href":"https:\/\/areabadalona.com\/diario\/wp-json\/wp\/v2\/users\/2"}],"replies":[{"embeddable":true,"href":"https:\/\/areabadalona.com\/diario\/wp-json\/wp\/v2\/comments?post=4596"}],"version-history":[{"count":1,"href":"https:\/\/areabadalona.com\/diario\/wp-json\/wp\/v2\/posts\/4596\/revisions"}],"predecessor-version":[{"id":4598,"href":"https:\/\/areabadalona.com\/diario\/wp-json\/wp\/v2\/posts\/4596\/revisions\/4598"}],"wp:featuredmedia":[{"embeddable":true,"href":"https:\/\/areabadalona.com\/diario\/wp-json\/wp\/v2\/media\/4597"}],"wp:attachment":[{"href":"https:\/\/areabadalona.com\/diario\/wp-json\/wp\/v2\/media?parent=4596"}],"wp:term":[{"taxonomy":"category","embeddable":true,"href":"https:\/\/areabadalona.com\/diario\/wp-json\/wp\/v2\/categories?post=4596"},{"taxonomy":"post_tag","embeddable":true,"href":"https:\/\/areabadalona.com\/diario\/wp-json\/wp\/v2\/tags?post=4596"}],"curies":[{"name":"wp","href":"https:\/\/api.w.org\/{rel}","templated":true}]}}